{"id":49089,"date":"2019-03-16T11:33:12","date_gmt":"2019-03-16T14:33:12","guid":{"rendered":"https:\/\/eldiariodesanpedro.com.ar\/sitio\/?p=49089"},"modified":"2019-03-16T11:33:19","modified_gmt":"2019-03-16T14:33:19","slug":"triste-desenlace-fallecio-la-abuela-de-90-anos-que-se-habia-quemado-en-un-accidente-domestico","status":"publish","type":"post","link":"https:\/\/eldiariodesanpedro.com.ar\/sitio\/triste-desenlace-fallecio-la-abuela-de-90-anos-que-se-habia-quemado-en-un-accidente-domestico\/","title":{"rendered":"Triste desenlace: Falleci\u00f3 la abuela de 90 a\u00f1os que se hab\u00eda quemado en un accidente domestico"},"content":{"rendered":"<!-- VideographyWP Plugin Message: Automatic video embedding prevented by plugin options. -->\n\n<p>La mujer tenia un 90% de su cuerpo quemado. Este viernes por la tarde habr\u00eda sido internada en el \u00e1rea de terapia intensiva del hospital,  pero lamentablemente su deseso ocurri\u00f3 horas despu\u00e9s.<\/p>\n\n\n\n<p>El siniestro habr\u00eda sucedido este viernes por la tarde, cuando una dotaci\u00f3n de bomberos se dirigi\u00f3 a una vivienda sita en calle Chacabuco al 500, al llegar constataron que se estaba produciendo un incendio en el patio de la morada.<\/p>\n\n\n\n<p>En el lugar se encontraba la abuela con quemaduras en su cuerpo, casi toda su vestimenta quemada donde se tratar\u00eda de establecer que la victima se habr\u00eda ca\u00eddo de alguna manera sobre las llamas cuando quemaba los pastizales.<\/p>\n\n\n\n<p>Fue trasladada por la ambulancia del SAME r\u00e1pidamente,  la que fue conducida a terapia intensiva con 90% de su cuerpo quemado.<\/p>\n\n\n\n<p>Tristemente horas despu\u00e9s se produjo su fallecimiento.<\/p>\n\n\n\n<p>Interviene en la causa en fiscal manso.<\/p>\n","protected":false},"excerpt":{"rendered":"<p>La mujer tenia un 90% de su cuerpo quemado. Este viernes por la tarde habr\u00eda sido internada en el \u00e1rea de terapia intensiva del hospital, pero lamentablemente su deseso ocurri\u00f3 horas despu\u00e9s. El siniestro habr\u00eda sucedido este viernes por la tarde, cuando una dotaci\u00f3n de bomberos se dirigi\u00f3 a una vivienda sita en calle Chacabuco [&hellip;]<\/p>\n","protected":false},"author":4,"featured_media":49047,"comment_status":"open","ping_status":"closed","sticky":false,"template":"","format":"standard","meta":{"om_disable_all_campaigns":false,"_jetpack_memberships_contains_paid_content":false,"footnotes":""},"categories":[50,101,2],"tags":[],"class_list":["post-49089","post","type-post","status-publish","format-standard","has-post-thumbnail","hentry","category-destacadas","category-interes-general-locales","category-locales"],"aioseo_notices":[],"gutentor_comment":0,"jetpack_featured_media_url":"https:\/\/eldiariodesanpedro.com.ar\/sitio\/wp-content\/uploads\/2019\/03\/WhatsApp-Image-2019-03-15-at-19.50.34.jpeg","jetpack_shortlink":"https:\/\/wp.me\/p6RhLt-cLL","jetpack_sharing_enabled":true,"_links":{"self":[{"href":"https:\/\/eldiariodesanpedro.com.ar\/sitio\/wp-json\/wp\/v2\/posts\/49089","targetHints":{"allow":["GET"]}}],"collection":[{"href":"https:\/\/eldiariodesanpedro.com.ar\/sitio\/wp-json\/wp\/v2\/posts"}],"about":[{"href":"https:\/\/eldiariodesanpedro.com.ar\/sitio\/wp-json\/wp\/v2\/types\/post"}],"author":[{"embeddable":true,"href":"https:\/\/eldiariodesanpedro.com.ar\/sitio\/wp-json\/wp\/v2\/users\/4"}],"replies":[{"embeddable":true,"href":"https:\/\/eldiariodesanpedro.com.ar\/sitio\/wp-json\/wp\/v2\/comments?post=49089"}],"version-history":[{"count":1,"href":"https:\/\/eldiariodesanpedro.com.ar\/sitio\/wp-json\/wp\/v2\/posts\/49089\/revisions"}],"predecessor-version":[{"id":49090,"href":"https:\/\/eldiariodesanpedro.com.ar\/sitio\/wp-json\/wp\/v2\/posts\/49089\/revisions\/49090"}],"wp:featuredmedia":[{"embeddable":true,"href":"https:\/\/eldiariodesanpedro.com.ar\/sitio\/wp-json\/wp\/v2\/media\/49047"}],"wp:attachment":[{"href":"https:\/\/eldiariodesanpedro.com.ar\/sitio\/wp-json\/wp\/v2\/media?parent=49089"}],"wp:term":[{"taxonomy":"category","embeddable":true,"href":"https:\/\/eldiariodesanpedro.com.ar\/sitio\/wp-json\/wp\/v2\/categories?post=49089"},{"taxonomy":"post_tag","embeddable":true,"href":"https:\/\/eldiariodesanpedro.com.ar\/sitio\/wp-json\/wp\/v2\/tags?post=49089"}],"curies":[{"name":"wp","href":"https:\/\/api.w.org\/{rel}","templated":true}]}}