{"id":49085,"date":"2019-03-16T10:02:43","date_gmt":"2019-03-16T13:02:43","guid":{"rendered":"https:\/\/eldiariodesanpedro.com.ar\/sitio\/?p=49085"},"modified":"2019-03-16T10:02:51","modified_gmt":"2019-03-16T13:02:51","slug":"rentas-exencion-de-pago-de-tasas","status":"publish","type":"post","link":"https:\/\/eldiariodesanpedro.com.ar\/sitio\/rentas-exencion-de-pago-de-tasas\/","title":{"rendered":"Rentas: Exenci\u00f3n de pago de tasas"},"content":{"rendered":"<!-- VideographyWP Plugin Message: Automatic video embedding prevented by plugin options. -->\n\n<p>La Direcci\u00f3n de Rentas de la Municipalidad de San Pedro informa a los contribuyentes quienes se encuentran exentos del pago de la Tasa de Habilitaci\u00f3n de Comercio e Industria y por Inspecci\u00f3n de Seguridad e Higiene.<\/p>\n\n\n\n<p><br>Los mismos son los profesionales con t\u00edtulo universitario y\/o terciario de institutos oficialmente reconocidos, que ejerzan su profesi\u00f3n de manera liberal e independiente, siempre y cuando no se encuentren organizados bajo la forma de una sociedad comercial.<\/p>\n\n\n\n<p><br>Tambi\u00e9n los de venta y distribuci\u00f3n de diarios y revistas salvo que ejerzan la actividad a trav\u00e9s de una sociedad comercial, como as\u00ed los que realizan Reparticiones P\u00fablicas del Gobierno Municipal, Provincial y Nacional.<br><\/p>\n\n\n\n<figure class=\"wp-block-image\"><img decoding=\"async\" width=\"1280\" height=\"1262\" data-attachment-id=\"49086\" data-permalink=\"https:\/\/eldiariodesanpedro.com.ar\/sitio\/rentas-exencion-de-pago-de-tasas\/whatsapp-image-2019-03-06-at-10-42-09-2\/\" data-orig-file=\"https:\/\/eldiariodesanpedro.com.ar\/sitio\/wp-content\/uploads\/2019\/03\/WhatsApp-Image-2019-03-06-at-10.42.09-1.jpeg\" data-orig-size=\"1280,1262\" data-comments-opened=\"1\" data-image-meta=\"{&quot;aperture&quot;:&quot;0&quot;,&quot;credit&quot;:&quot;&quot;,&quot;camera&quot;:&quot;&quot;,&quot;caption&quot;:&quot;&quot;,&quot;created_timestamp&quot;:&quot;0&quot;,&quot;copyright&quot;:&quot;&quot;,&quot;focal_length&quot;:&quot;0&quot;,&quot;iso&quot;:&quot;0&quot;,&quot;shutter_speed&quot;:&quot;0&quot;,&quot;title&quot;:&quot;&quot;,&quot;orientation&quot;:&quot;0&quot;}\" data-image-title=\"WhatsApp Image 2019-03-06 at 10.42.09\" data-image-description=\"\" data-image-caption=\"\" data-large-file=\"https:\/\/eldiariodesanpedro.com.ar\/sitio\/wp-content\/uploads\/2019\/03\/WhatsApp-Image-2019-03-06-at-10.42.09-1-1024x1010.jpeg\" data-src=\"https:\/\/i1.wp.com\/eldiariodesanpedro.com.ar\/sitio\/wp-content\/uploads\/2019\/03\/WhatsApp-Image-2019-03-06-at-10.42.09-1.jpeg?fit=660%2C651\" alt=\"\" class=\"wp-image-49086 lazyload\" data-srcset=\"https:\/\/eldiariodesanpedro.com.ar\/sitio\/wp-content\/uploads\/2019\/03\/WhatsApp-Image-2019-03-06-at-10.42.09-1.jpeg 1280w, https:\/\/eldiariodesanpedro.com.ar\/sitio\/wp-content\/uploads\/2019\/03\/WhatsApp-Image-2019-03-06-at-10.42.09-1-300x296.jpeg 300w, https:\/\/eldiariodesanpedro.com.ar\/sitio\/wp-content\/uploads\/2019\/03\/WhatsApp-Image-2019-03-06-at-10.42.09-1-768x757.jpeg 768w, https:\/\/eldiariodesanpedro.com.ar\/sitio\/wp-content\/uploads\/2019\/03\/WhatsApp-Image-2019-03-06-at-10.42.09-1-1024x1010.jpeg 1024w\" data-sizes=\"(max-width: 1280px) 100vw, 1280px\" src=\"data:image\/svg+xml;base64,PHN2ZyB3aWR0aD0iMSIgaGVpZ2h0PSIxIiB4bWxucz0iaHR0cDovL3d3dy53My5vcmcvMjAwMC9zdmciPjwvc3ZnPg==\" style=\"--smush-placeholder-width: 1280px; --smush-placeholder-aspect-ratio: 1280\/1262;\" \/><\/figure>\n\n\n\n<p><br><\/p>\n","protected":false},"excerpt":{"rendered":"<p>La Direcci\u00f3n de Rentas de la Municipalidad de San Pedro informa a los contribuyentes quienes se encuentran exentos del pago de la Tasa de Habilitaci\u00f3n de Comercio e Industria y por Inspecci\u00f3n de Seguridad e Higiene. Los mismos son los profesionales con t\u00edtulo universitario y\/o terciario de institutos oficialmente reconocidos, que ejerzan su profesi\u00f3n de [&hellip;]<\/p>\n","protected":false},"author":4,"featured_media":49086,"comment_status":"open","ping_status":"closed","sticky":false,"template":"","format":"standard","meta":{"om_disable_all_campaigns":false,"_jetpack_memberships_contains_paid_content":false,"footnotes":""},"categories":[101,2],"tags":[],"class_list":["post-49085","post","type-post","status-publish","format-standard","has-post-thumbnail","hentry","category-interes-general-locales","category-locales"],"aioseo_notices":[],"gutentor_comment":0,"jetpack_featured_media_url":"https:\/\/eldiariodesanpedro.com.ar\/sitio\/wp-content\/uploads\/2019\/03\/WhatsApp-Image-2019-03-06-at-10.42.09-1.jpeg","jetpack_shortlink":"https:\/\/wp.me\/p6RhLt-cLH","jetpack_sharing_enabled":true,"_links":{"self":[{"href":"https:\/\/eldiariodesanpedro.com.ar\/sitio\/wp-json\/wp\/v2\/posts\/49085","targetHints":{"allow":["GET"]}}],"collection":[{"href":"https:\/\/eldiariodesanpedro.com.ar\/sitio\/wp-json\/wp\/v2\/posts"}],"about":[{"href":"https:\/\/eldiariodesanpedro.com.ar\/sitio\/wp-json\/wp\/v2\/types\/post"}],"author":[{"embeddable":true,"href":"https:\/\/eldiariodesanpedro.com.ar\/sitio\/wp-json\/wp\/v2\/users\/4"}],"replies":[{"embeddable":true,"href":"https:\/\/eldiariodesanpedro.com.ar\/sitio\/wp-json\/wp\/v2\/comments?post=49085"}],"version-history":[{"count":1,"href":"https:\/\/eldiariodesanpedro.com.ar\/sitio\/wp-json\/wp\/v2\/posts\/49085\/revisions"}],"predecessor-version":[{"id":49087,"href":"https:\/\/eldiariodesanpedro.com.ar\/sitio\/wp-json\/wp\/v2\/posts\/49085\/revisions\/49087"}],"wp:featuredmedia":[{"embeddable":true,"href":"https:\/\/eldiariodesanpedro.com.ar\/sitio\/wp-json\/wp\/v2\/media\/49086"}],"wp:attachment":[{"href":"https:\/\/eldiariodesanpedro.com.ar\/sitio\/wp-json\/wp\/v2\/media?parent=49085"}],"wp:term":[{"taxonomy":"category","embeddable":true,"href":"https:\/\/eldiariodesanpedro.com.ar\/sitio\/wp-json\/wp\/v2\/categories?post=49085"},{"taxonomy":"post_tag","embeddable":true,"href":"https:\/\/eldiariodesanpedro.com.ar\/sitio\/wp-json\/wp\/v2\/tags?post=49085"}],"curies":[{"name":"wp","href":"https:\/\/api.w.org\/{rel}","templated":true}]}}