{"id":49079,"date":"2019-03-16T09:47:06","date_gmt":"2019-03-16T12:47:06","guid":{"rendered":"https:\/\/eldiariodesanpedro.com.ar\/sitio\/?p=49079"},"modified":"2019-03-16T09:47:15","modified_gmt":"2019-03-16T12:47:15","slug":"facundo-moyano-en-campana-es-importante-poder-tener-una-mirada-real-de-la-situacion-que-esta-atravesando-la-ciudad","status":"publish","type":"post","link":"https:\/\/eldiariodesanpedro.com.ar\/sitio\/facundo-moyano-en-campana-es-importante-poder-tener-una-mirada-real-de-la-situacion-que-esta-atravesando-la-ciudad\/","title":{"rendered":"Facundo Moyano en Campana: \u201ces importante poder tener una mirada real de la situaci\u00f3n que est\u00e1 atravesando la ciudad\u201d"},"content":{"rendered":"<!-- VideographyWP Plugin Message: Automatic video embedding prevented by plugin options. -->\n\n<p>El Diputado Nacional de RED x Argentina realiz\u00f3 una recorrida por la ciudad acompa\u00f1ando al concejal Marco Colella. La actividad comenz\u00f3 con una reuni\u00f3n en la CUCEI, recorrida por la Avda. Rocca, visita a una Pyme de Villa Nueva y una reuni\u00f3n con concejales y referentes del PJ-UC de Campana.<\/p>\n\n\n\n<p><em>\u201cLa verdad que fue muy bueno poder tomar contacto con diferentes sectores, fundamentalmente con los que viven la realidad y los que la sufren\u201d<\/em>\u00a0expres\u00f3 Facundo Moyano y agreg\u00f3<em>\u00a0\u201cpoder darme cuenta que la ciudad no escapa de la realidad provincial o nacional; los problemas que tienen los comerciantes de Campana no difieren de los que tienen en Mar del Plata, Lujan o de cualquier otro punto de la Provincia donde podemos hacer referencia\u201d.<\/em><br><\/p>\n\n\n\n<p>El Diputado Nacional contin\u00fao diciendo<em>\u00a0\u201ces importante poder tener esta mirada real de la situaci\u00f3n que est\u00e1 atravesando la Argentina, la provincia y cada uno de los distritos que la conforman\u201d.<\/em><\/p>\n\n\n\n<figure class=\"wp-block-image\"><img decoding=\"async\" width=\"658\" height=\"400\" data-attachment-id=\"49080\" data-permalink=\"https:\/\/eldiariodesanpedro.com.ar\/sitio\/facundo-moyano-en-campana-es-importante-poder-tener-una-mirada-real-de-la-situacion-que-esta-atravesando-la-ciudad\/img-20190315-wa0061_658x400\/\" data-orig-file=\"https:\/\/eldiariodesanpedro.com.ar\/sitio\/wp-content\/uploads\/2019\/03\/IMG-20190315-WA0061_658x400.jpg\" data-orig-size=\"658,400\" data-comments-opened=\"1\" data-image-meta=\"{&quot;aperture&quot;:&quot;0&quot;,&quot;credit&quot;:&quot;&quot;,&quot;camera&quot;:&quot;&quot;,&quot;caption&quot;:&quot;&quot;,&quot;created_timestamp&quot;:&quot;0&quot;,&quot;copyright&quot;:&quot;&quot;,&quot;focal_length&quot;:&quot;0&quot;,&quot;iso&quot;:&quot;0&quot;,&quot;shutter_speed&quot;:&quot;0&quot;,&quot;title&quot;:&quot;&quot;,&quot;orientation&quot;:&quot;0&quot;}\" data-image-title=\"IMG-20190315-WA0061_658x400\" data-image-description=\"\" data-image-caption=\"\" data-large-file=\"https:\/\/eldiariodesanpedro.com.ar\/sitio\/wp-content\/uploads\/2019\/03\/IMG-20190315-WA0061_658x400.jpg\" data-src=\"https:\/\/eldiariodesanpedro.com.ar\/sitio\/wp-content\/uploads\/2019\/03\/IMG-20190315-WA0061_658x400.jpg\" alt=\"\" class=\"wp-image-49080 lazyload\" data-srcset=\"https:\/\/eldiariodesanpedro.com.ar\/sitio\/wp-content\/uploads\/2019\/03\/IMG-20190315-WA0061_658x400.jpg 658w, https:\/\/eldiariodesanpedro.com.ar\/sitio\/wp-content\/uploads\/2019\/03\/IMG-20190315-WA0061_658x400-300x182.jpg 300w\" data-sizes=\"(max-width: 658px) 100vw, 658px\" src=\"data:image\/svg+xml;base64,PHN2ZyB3aWR0aD0iMSIgaGVpZ2h0PSIxIiB4bWxucz0iaHR0cDovL3d3dy53My5vcmcvMjAwMC9zdmciPjwvc3ZnPg==\" style=\"--smush-placeholder-width: 658px; --smush-placeholder-aspect-ratio: 658\/400;\" \/><\/figure>\n\n\n\n<p><em>\u201cComo legislador nacional<\/em>\u00a0\u2013expres\u00f3 Moyano-<em>\u00a0mi compromiso es trabajar para la gente, para los que necesitan que nosotros legislemos, as\u00ed como Marco lo hace a nivel municipal yo lo hago a nivel nacional y sabemos que hay muchas reformas que dependen de consensos pol\u00edticos y que son de fondo estructurales\u201d.<\/em><\/p>\n\n\n\n<p>Por su parte el concejal Marco Colella dijo\u00a0<em>\u201ctuvimos una reuni\u00f3n en la CUCEI donde nos contaron la cr\u00edtica situaci\u00f3n que est\u00e1 viviendo el comercio local y luego pasamos a visitar una Pyme que nos cuenta tambi\u00e9n como afecta la crisis a la industria local\u201d<\/em>\u00a0y agreg\u00f3\u00a0<em>\u201cel desencadenante de esta crisis se reflejado en el comercio local, afectando fuertemente a todos los vecinos de Campana\u201d.<\/em><br><\/p>\n\n\n\n<p>Sobre el trabajo en conjunto con el Diputado Nacional el concejal de Campana manifest\u00f3<em>\u201ctrabajar con Facundo y su equipo nos da la comodidad de sentirnos asesorados, acompa\u00f1ados en cada una de las acciones que llevamos adelante en nuestra ciudad; Facundo es un referente importante en este cambio que est\u00e1 surgiendo en la pol\u00edtica\u201d.<\/em><\/p>\n\n\n\n<p>Sobre el final de la visita a la ciudad Facundo Moyano y Marco Colella mantuvieron una reuni\u00f3n con concejales del bloque PJ-UC, el Presidente del PJ y referentes del Movimiento Evita, sobre este encuentro el Diputado Nacional indic\u00f3<em>&nbsp;\u201cla idea es trabajar el concepto de unidad y hoy lo hemos demostrado a nivel local y lo estamos demostrando a nivel nacional; hay que dejar de hablar de unidad y empezar a trabajar para poder concretarla\u201d.<\/em><\/p>\n\n\n\n<p>Siguiendo esta l\u00ednea Colella manifest\u00f3&nbsp;<em>\u201ccreo que hasta ahora ven\u00edamos hablando de unidad; creo que es importante demostrar que trabajamos la unidad, que estamos trabajando en conjunto con las distintas fuerzas opositoras dentro del peronismo pero tambi\u00e9n abriendo el abanico e incluyendo a aquellos que est\u00e1n por afuera\u201d.<\/em><\/p>\n\n\n\n<p>Al ser consultado por los medios sobre si ve\u00eda posible la unidad de todo el peronismo Facundo Moyano remarc\u00f3 que&nbsp;<em>\u201csi no crey\u00e9ramos que es posible no estar\u00edamos trabajando para lograr el objetivo; m\u00e1s all\u00e1 de las diferencias que podamos tener creo que, en el plano nacional, tenemos que intentar dejar de lado esas diferencias o ponerlas en un segundo plano para poder trabajar con ejes claros y tener una propuesta superadora a Cambiemos\u201d.<\/em><\/p>\n\n\n\n<p>Para concluir tanto Facundo Moyano como Marco Colella expresaron\u00a0<em>\u201cestamos trabajando para la precandidatura de Felipe Sol\u00e1, nuestro candidato a presidente es Felipe\u201d.<\/em><\/p>\n\n\n\n<ul class=\"wp-block-gallery columns-3 is-cropped wp-block-gallery-1 is-layout-flex wp-block-gallery-is-layout-flex\"><li class=\"blocks-gallery-item\"><figure><img decoding=\"async\" width=\"658\" height=\"400\" data-attachment-id=\"49081\" data-permalink=\"https:\/\/eldiariodesanpedro.com.ar\/sitio\/facundo-moyano-en-campana-es-importante-poder-tener-una-mirada-real-de-la-situacion-que-esta-atravesando-la-ciudad\/img-20190315-wa0066_658x400\/\" data-orig-file=\"https:\/\/eldiariodesanpedro.com.ar\/sitio\/wp-content\/uploads\/2019\/03\/IMG-20190315-WA0066_658x400.jpg\" data-orig-size=\"658,400\" data-comments-opened=\"1\" data-image-meta=\"{&quot;aperture&quot;:&quot;0&quot;,&quot;credit&quot;:&quot;&quot;,&quot;camera&quot;:&quot;&quot;,&quot;caption&quot;:&quot;&quot;,&quot;created_timestamp&quot;:&quot;0&quot;,&quot;copyright&quot;:&quot;&quot;,&quot;focal_length&quot;:&quot;0&quot;,&quot;iso&quot;:&quot;0&quot;,&quot;shutter_speed&quot;:&quot;0&quot;,&quot;title&quot;:&quot;&quot;,&quot;orientation&quot;:&quot;0&quot;}\" data-image-title=\"IMG-20190315-WA0066_658x400\" data-image-description=\"\" data-image-caption=\"\" data-large-file=\"https:\/\/eldiariodesanpedro.com.ar\/sitio\/wp-content\/uploads\/2019\/03\/IMG-20190315-WA0066_658x400.jpg\" data-src=\"https:\/\/eldiariodesanpedro.com.ar\/sitio\/wp-content\/uploads\/2019\/03\/IMG-20190315-WA0066_658x400.jpg\" alt=\"\" data-id=\"49081\" data-link=\"https:\/\/eldiariodesanpedro.com.ar\/sitio\/?attachment_id=49081\" class=\"wp-image-49081 lazyload\" data-srcset=\"https:\/\/eldiariodesanpedro.com.ar\/sitio\/wp-content\/uploads\/2019\/03\/IMG-20190315-WA0066_658x400.jpg 658w, https:\/\/eldiariodesanpedro.com.ar\/sitio\/wp-content\/uploads\/2019\/03\/IMG-20190315-WA0066_658x400-300x182.jpg 300w\" data-sizes=\"(max-width: 658px) 100vw, 658px\" src=\"data:image\/svg+xml;base64,PHN2ZyB3aWR0aD0iMSIgaGVpZ2h0PSIxIiB4bWxucz0iaHR0cDovL3d3dy53My5vcmcvMjAwMC9zdmciPjwvc3ZnPg==\" style=\"--smush-placeholder-width: 658px; --smush-placeholder-aspect-ratio: 658\/400;\" \/><\/figure><\/li><li class=\"blocks-gallery-item\"><figure><img decoding=\"async\" width=\"658\" height=\"400\" data-attachment-id=\"49082\" data-permalink=\"https:\/\/eldiariodesanpedro.com.ar\/sitio\/facundo-moyano-en-campana-es-importante-poder-tener-una-mirada-real-de-la-situacion-que-esta-atravesando-la-ciudad\/img-20190315-wa0069_658x400\/\" data-orig-file=\"https:\/\/eldiariodesanpedro.com.ar\/sitio\/wp-content\/uploads\/2019\/03\/IMG-20190315-WA0069_658x400.jpg\" data-orig-size=\"658,400\" data-comments-opened=\"1\" data-image-meta=\"{&quot;aperture&quot;:&quot;0&quot;,&quot;credit&quot;:&quot;&quot;,&quot;camera&quot;:&quot;&quot;,&quot;caption&quot;:&quot;&quot;,&quot;created_timestamp&quot;:&quot;0&quot;,&quot;copyright&quot;:&quot;&quot;,&quot;focal_length&quot;:&quot;0&quot;,&quot;iso&quot;:&quot;0&quot;,&quot;shutter_speed&quot;:&quot;0&quot;,&quot;title&quot;:&quot;&quot;,&quot;orientation&quot;:&quot;0&quot;}\" data-image-title=\"IMG-20190315-WA0069_658x400\" data-image-description=\"\" data-image-caption=\"\" data-large-file=\"https:\/\/eldiariodesanpedro.com.ar\/sitio\/wp-content\/uploads\/2019\/03\/IMG-20190315-WA0069_658x400.jpg\" data-src=\"https:\/\/eldiariodesanpedro.com.ar\/sitio\/wp-content\/uploads\/2019\/03\/IMG-20190315-WA0069_658x400.jpg\" alt=\"\" data-id=\"49082\" data-link=\"https:\/\/eldiariodesanpedro.com.ar\/sitio\/?attachment_id=49082\" class=\"wp-image-49082 lazyload\" data-srcset=\"https:\/\/eldiariodesanpedro.com.ar\/sitio\/wp-content\/uploads\/2019\/03\/IMG-20190315-WA0069_658x400.jpg 658w, https:\/\/eldiariodesanpedro.com.ar\/sitio\/wp-content\/uploads\/2019\/03\/IMG-20190315-WA0069_658x400-300x182.jpg 300w\" data-sizes=\"(max-width: 658px) 100vw, 658px\" src=\"data:image\/svg+xml;base64,PHN2ZyB3aWR0aD0iMSIgaGVpZ2h0PSIxIiB4bWxucz0iaHR0cDovL3d3dy53My5vcmcvMjAwMC9zdmciPjwvc3ZnPg==\" style=\"--smush-placeholder-width: 658px; --smush-placeholder-aspect-ratio: 658\/400;\" \/><\/figure><\/li><li class=\"blocks-gallery-item\"><figure><img decoding=\"async\" width=\"658\" height=\"400\" data-attachment-id=\"49083\" data-permalink=\"https:\/\/eldiariodesanpedro.com.ar\/sitio\/facundo-moyano-en-campana-es-importante-poder-tener-una-mirada-real-de-la-situacion-que-esta-atravesando-la-ciudad\/img-20190315-wa0074_658x400\/\" data-orig-file=\"https:\/\/eldiariodesanpedro.com.ar\/sitio\/wp-content\/uploads\/2019\/03\/IMG-20190315-WA0074_658x400.jpg\" data-orig-size=\"658,400\" data-comments-opened=\"1\" data-image-meta=\"{&quot;aperture&quot;:&quot;0&quot;,&quot;credit&quot;:&quot;&quot;,&quot;camera&quot;:&quot;&quot;,&quot;caption&quot;:&quot;&quot;,&quot;created_timestamp&quot;:&quot;0&quot;,&quot;copyright&quot;:&quot;&quot;,&quot;focal_length&quot;:&quot;0&quot;,&quot;iso&quot;:&quot;0&quot;,&quot;shutter_speed&quot;:&quot;0&quot;,&quot;title&quot;:&quot;&quot;,&quot;orientation&quot;:&quot;0&quot;}\" data-image-title=\"IMG-20190315-WA0074_658x400\" data-image-description=\"\" data-image-caption=\"\" data-large-file=\"https:\/\/eldiariodesanpedro.com.ar\/sitio\/wp-content\/uploads\/2019\/03\/IMG-20190315-WA0074_658x400.jpg\" data-src=\"https:\/\/eldiariodesanpedro.com.ar\/sitio\/wp-content\/uploads\/2019\/03\/IMG-20190315-WA0074_658x400.jpg\" alt=\"\" data-id=\"49083\" data-link=\"https:\/\/eldiariodesanpedro.com.ar\/sitio\/?attachment_id=49083\" class=\"wp-image-49083 lazyload\" data-srcset=\"https:\/\/eldiariodesanpedro.com.ar\/sitio\/wp-content\/uploads\/2019\/03\/IMG-20190315-WA0074_658x400.jpg 658w, https:\/\/eldiariodesanpedro.com.ar\/sitio\/wp-content\/uploads\/2019\/03\/IMG-20190315-WA0074_658x400-300x182.jpg 300w\" data-sizes=\"(max-width: 658px) 100vw, 658px\" src=\"data:image\/svg+xml;base64,PHN2ZyB3aWR0aD0iMSIgaGVpZ2h0PSIxIiB4bWxucz0iaHR0cDovL3d3dy53My5vcmcvMjAwMC9zdmciPjwvc3ZnPg==\" style=\"--smush-placeholder-width: 658px; --smush-placeholder-aspect-ratio: 658\/400;\" \/><\/figure><\/li><\/ul>\n\n\n\n<p>FUENTE: Enlace Critico<\/p>\n\n\n\n<p><br><\/p>\n","protected":false},"excerpt":{"rendered":"<p>El Diputado Nacional de RED x Argentina realiz\u00f3 una recorrida por la ciudad acompa\u00f1ando al concejal Marco Colella. La actividad comenz\u00f3 con una reuni\u00f3n en la CUCEI, recorrida por la Avda. Rocca, visita a una Pyme de Villa Nueva y una reuni\u00f3n con concejales y referentes del PJ-UC de Campana. \u201cLa verdad que fue muy [&hellip;]<\/p>\n","protected":false},"author":4,"featured_media":49083,"comment_status":"open","ping_status":"closed","sticky":false,"template":"","format":"standard","meta":{"om_disable_all_campaigns":false,"_jetpack_memberships_contains_paid_content":false,"footnotes":""},"categories":[621],"tags":[],"class_list":["post-49079","post","type-post","status-publish","format-standard","has-post-thumbnail","hentry","category-regionales"],"aioseo_notices":[],"gutentor_comment":0,"jetpack_featured_media_url":"https:\/\/eldiariodesanpedro.com.ar\/sitio\/wp-content\/uploads\/2019\/03\/IMG-20190315-WA0074_658x400.jpg","jetpack_shortlink":"https:\/\/wp.me\/p6RhLt-cLB","jetpack_sharing_enabled":true,"_links":{"self":[{"href":"https:\/\/eldiariodesanpedro.com.ar\/sitio\/wp-json\/wp\/v2\/posts\/49079","targetHints":{"allow":["GET"]}}],"collection":[{"href":"https:\/\/eldiariodesanpedro.com.ar\/sitio\/wp-json\/wp\/v2\/posts"}],"about":[{"href":"https:\/\/eldiariodesanpedro.com.ar\/sitio\/wp-json\/wp\/v2\/types\/post"}],"author":[{"embeddable":true,"href":"https:\/\/eldiariodesanpedro.com.ar\/sitio\/wp-json\/wp\/v2\/users\/4"}],"replies":[{"embeddable":true,"href":"https:\/\/eldiariodesanpedro.com.ar\/sitio\/wp-json\/wp\/v2\/comments?post=49079"}],"version-history":[{"count":1,"href":"https:\/\/eldiariodesanpedro.com.ar\/sitio\/wp-json\/wp\/v2\/posts\/49079\/revisions"}],"predecessor-version":[{"id":49084,"href":"https:\/\/eldiariodesanpedro.com.ar\/sitio\/wp-json\/wp\/v2\/posts\/49079\/revisions\/49084"}],"wp:featuredmedia":[{"embeddable":true,"href":"https:\/\/eldiariodesanpedro.com.ar\/sitio\/wp-json\/wp\/v2\/media\/49083"}],"wp:attachment":[{"href":"https:\/\/eldiariodesanpedro.com.ar\/sitio\/wp-json\/wp\/v2\/media?parent=49079"}],"wp:term":[{"taxonomy":"category","embeddable":true,"href":"https:\/\/eldiariodesanpedro.com.ar\/sitio\/wp-json\/wp\/v2\/categories?post=49079"},{"taxonomy":"post_tag","embeddable":true,"href":"https:\/\/eldiariodesanpedro.com.ar\/sitio\/wp-json\/wp\/v2\/tags?post=49079"}],"curies":[{"name":"wp","href":"https:\/\/api.w.org\/{rel}","templated":true}]}}