{"id":49066,"date":"2019-03-16T09:25:37","date_gmt":"2019-03-16T12:25:37","guid":{"rendered":"https:\/\/eldiariodesanpedro.com.ar\/sitio\/?p=49066"},"modified":"2019-03-16T09:25:49","modified_gmt":"2019-03-16T12:25:49","slug":"campana-contra-el-narcomenudeo-secuestran-cocaina-lista-para-vender-hay-cuatro-detenidos-y-uno-es-menor","status":"publish","type":"post","link":"https:\/\/eldiariodesanpedro.com.ar\/sitio\/campana-contra-el-narcomenudeo-secuestran-cocaina-lista-para-vender-hay-cuatro-detenidos-y-uno-es-menor\/","title":{"rendered":"CAMPANA: Contra el narcomenudeo: Secuestran coca\u00edna lista para vender, hay cuatro detenidos y uno es menor"},"content":{"rendered":"<!-- VideographyWP Plugin Message: Automatic video embedding prevented by plugin options. -->\n\n<p>Personal de la Comisar\u00eda 1era. de Campana, junto a la Jefatura Departamental Z\u00e1rate Campana y el Grupo de Apoyo Departamental (GAD), allan\u00f3 una vivienda en el barrio San Luciano.<\/p>\n\n\n\n<p>Tras una ardua investigaci\u00f3n y reunidas las pruebas suficientes para establecer que exist\u00eda una\u00a0 comercializaci\u00f3n de sustancias en el domicilio, se solicitaron las correspondientes ordenes de allanamiento, que diligenciaron conjuntamente el Grupo de Apoyo Departamental (GAD), Comisar\u00eda local,\u00a0 Jefatura Departamental\u00a0 Z\u00e1rate Campana, logrando varias aprehensiones.<\/p>\n\n\n\n<ul class=\"wp-block-gallery columns-1 is-cropped wp-block-gallery-1 is-layout-flex wp-block-gallery-is-layout-flex\"><li class=\"blocks-gallery-item\"><figure><img decoding=\"async\" width=\"658\" height=\"400\" data-attachment-id=\"49067\" data-permalink=\"https:\/\/eldiariodesanpedro.com.ar\/sitio\/campana-contra-el-narcomenudeo-secuestran-cocaina-lista-para-vender-hay-cuatro-detenidos-y-uno-es-menor\/whatsapp-image-2019-03-15-at-10-36-44-5-copia_658x400\/\" data-orig-file=\"https:\/\/eldiariodesanpedro.com.ar\/sitio\/wp-content\/uploads\/2019\/03\/WhatsApp-Image-2019-03-15-at-10.36.44-5-copia_658x400.jpeg\" data-orig-size=\"658,400\" data-comments-opened=\"1\" data-image-meta=\"{&quot;aperture&quot;:&quot;0&quot;,&quot;credit&quot;:&quot;&quot;,&quot;camera&quot;:&quot;&quot;,&quot;caption&quot;:&quot;&quot;,&quot;created_timestamp&quot;:&quot;0&quot;,&quot;copyright&quot;:&quot;&quot;,&quot;focal_length&quot;:&quot;0&quot;,&quot;iso&quot;:&quot;0&quot;,&quot;shutter_speed&quot;:&quot;0&quot;,&quot;title&quot;:&quot;&quot;,&quot;orientation&quot;:&quot;0&quot;}\" data-image-title=\"WhatsApp-Image-2019-03-15-at-10.36.44-5-copia_658x400\" data-image-description=\"\" data-image-caption=\"\" data-large-file=\"https:\/\/eldiariodesanpedro.com.ar\/sitio\/wp-content\/uploads\/2019\/03\/WhatsApp-Image-2019-03-15-at-10.36.44-5-copia_658x400.jpeg\" data-src=\"https:\/\/eldiariodesanpedro.com.ar\/sitio\/wp-content\/uploads\/2019\/03\/WhatsApp-Image-2019-03-15-at-10.36.44-5-copia_658x400.jpeg\" alt=\"\" data-id=\"49067\" data-link=\"https:\/\/eldiariodesanpedro.com.ar\/sitio\/?attachment_id=49067\" class=\"wp-image-49067 lazyload\" data-srcset=\"https:\/\/eldiariodesanpedro.com.ar\/sitio\/wp-content\/uploads\/2019\/03\/WhatsApp-Image-2019-03-15-at-10.36.44-5-copia_658x400.jpeg 658w, https:\/\/eldiariodesanpedro.com.ar\/sitio\/wp-content\/uploads\/2019\/03\/WhatsApp-Image-2019-03-15-at-10.36.44-5-copia_658x400-300x182.jpeg 300w\" data-sizes=\"(max-width: 658px) 100vw, 658px\" src=\"data:image\/svg+xml;base64,PHN2ZyB3aWR0aD0iMSIgaGVpZ2h0PSIxIiB4bWxucz0iaHR0cDovL3d3dy53My5vcmcvMjAwMC9zdmciPjwvc3ZnPg==\" style=\"--smush-placeholder-width: 658px; --smush-placeholder-aspect-ratio: 658\/400;\" \/><\/figure><\/li><\/ul>\n\n\n\n<p>Como consecuencia fueron aprehendidos cuatro persona, un hombre de 28 a\u00f1os, dos mujeres de 34 y 38 y un menor de 16.<\/p>\n\n\n\n<p>Fueron secuestrados 60 envoltorios conteniendo coca\u00edna, dos \u201cbochas\u201d de la misma sustancia escondidas detr\u00e1s de un televisor, un rev\u00f3lver calibre 22 corto, que portaba uno de los detenidos, municiones, recortes de nylon y dinero en efectivo. Adem\u00e1s de elementos vinculados a la causa investigada.<\/p>\n\n\n\n<ul class=\"wp-block-gallery columns-2 is-cropped wp-block-gallery-2 is-layout-flex wp-block-gallery-is-layout-flex\"><li class=\"blocks-gallery-item\"><figure><img decoding=\"async\" width=\"658\" height=\"400\" data-attachment-id=\"49068\" data-permalink=\"https:\/\/eldiariodesanpedro.com.ar\/sitio\/campana-contra-el-narcomenudeo-secuestran-cocaina-lista-para-vender-hay-cuatro-detenidos-y-uno-es-menor\/whatsapp-image-2019-03-15-at-10-36-41-2-copia_658x400\/\" data-orig-file=\"https:\/\/eldiariodesanpedro.com.ar\/sitio\/wp-content\/uploads\/2019\/03\/WhatsApp-Image-2019-03-15-at-10.36.41-2-copia_658x400.jpeg\" data-orig-size=\"658,400\" data-comments-opened=\"1\" data-image-meta=\"{&quot;aperture&quot;:&quot;0&quot;,&quot;credit&quot;:&quot;&quot;,&quot;camera&quot;:&quot;&quot;,&quot;caption&quot;:&quot;&quot;,&quot;created_timestamp&quot;:&quot;0&quot;,&quot;copyright&quot;:&quot;&quot;,&quot;focal_length&quot;:&quot;0&quot;,&quot;iso&quot;:&quot;0&quot;,&quot;shutter_speed&quot;:&quot;0&quot;,&quot;title&quot;:&quot;&quot;,&quot;orientation&quot;:&quot;0&quot;}\" data-image-title=\"WhatsApp-Image-2019-03-15-at-10.36.41-2-copia_658x400\" data-image-description=\"\" data-image-caption=\"\" data-large-file=\"https:\/\/eldiariodesanpedro.com.ar\/sitio\/wp-content\/uploads\/2019\/03\/WhatsApp-Image-2019-03-15-at-10.36.41-2-copia_658x400.jpeg\" data-src=\"https:\/\/eldiariodesanpedro.com.ar\/sitio\/wp-content\/uploads\/2019\/03\/WhatsApp-Image-2019-03-15-at-10.36.41-2-copia_658x400.jpeg\" alt=\"\" data-id=\"49068\" data-link=\"https:\/\/eldiariodesanpedro.com.ar\/sitio\/?attachment_id=49068\" class=\"wp-image-49068 lazyload\" data-srcset=\"https:\/\/eldiariodesanpedro.com.ar\/sitio\/wp-content\/uploads\/2019\/03\/WhatsApp-Image-2019-03-15-at-10.36.41-2-copia_658x400.jpeg 658w, https:\/\/eldiariodesanpedro.com.ar\/sitio\/wp-content\/uploads\/2019\/03\/WhatsApp-Image-2019-03-15-at-10.36.41-2-copia_658x400-300x182.jpeg 300w\" data-sizes=\"(max-width: 658px) 100vw, 658px\" src=\"data:image\/svg+xml;base64,PHN2ZyB3aWR0aD0iMSIgaGVpZ2h0PSIxIiB4bWxucz0iaHR0cDovL3d3dy53My5vcmcvMjAwMC9zdmciPjwvc3ZnPg==\" style=\"--smush-placeholder-width: 658px; --smush-placeholder-aspect-ratio: 658\/400;\" \/><\/figure><\/li><li class=\"blocks-gallery-item\"><figure><img decoding=\"async\" width=\"658\" height=\"400\" data-attachment-id=\"49069\" data-permalink=\"https:\/\/eldiariodesanpedro.com.ar\/sitio\/campana-contra-el-narcomenudeo-secuestran-cocaina-lista-para-vender-hay-cuatro-detenidos-y-uno-es-menor\/whatsapp-image-2019-03-15-at-10-36-44-6-copia_658x400\/\" data-orig-file=\"https:\/\/eldiariodesanpedro.com.ar\/sitio\/wp-content\/uploads\/2019\/03\/WhatsApp-Image-2019-03-15-at-10.36.44-6-copia_658x400.jpeg\" data-orig-size=\"658,400\" data-comments-opened=\"1\" data-image-meta=\"{&quot;aperture&quot;:&quot;0&quot;,&quot;credit&quot;:&quot;&quot;,&quot;camera&quot;:&quot;&quot;,&quot;caption&quot;:&quot;&quot;,&quot;created_timestamp&quot;:&quot;0&quot;,&quot;copyright&quot;:&quot;&quot;,&quot;focal_length&quot;:&quot;0&quot;,&quot;iso&quot;:&quot;0&quot;,&quot;shutter_speed&quot;:&quot;0&quot;,&quot;title&quot;:&quot;&quot;,&quot;orientation&quot;:&quot;0&quot;}\" data-image-title=\"WhatsApp-Image-2019-03-15-at-10.36.44-6-copia_658x400\" data-image-description=\"\" data-image-caption=\"\" data-large-file=\"https:\/\/eldiariodesanpedro.com.ar\/sitio\/wp-content\/uploads\/2019\/03\/WhatsApp-Image-2019-03-15-at-10.36.44-6-copia_658x400.jpeg\" data-src=\"https:\/\/eldiariodesanpedro.com.ar\/sitio\/wp-content\/uploads\/2019\/03\/WhatsApp-Image-2019-03-15-at-10.36.44-6-copia_658x400.jpeg\" alt=\"\" data-id=\"49069\" data-link=\"https:\/\/eldiariodesanpedro.com.ar\/sitio\/?attachment_id=49069\" class=\"wp-image-49069 lazyload\" data-srcset=\"https:\/\/eldiariodesanpedro.com.ar\/sitio\/wp-content\/uploads\/2019\/03\/WhatsApp-Image-2019-03-15-at-10.36.44-6-copia_658x400.jpeg 658w, https:\/\/eldiariodesanpedro.com.ar\/sitio\/wp-content\/uploads\/2019\/03\/WhatsApp-Image-2019-03-15-at-10.36.44-6-copia_658x400-300x182.jpeg 300w\" data-sizes=\"(max-width: 658px) 100vw, 658px\" src=\"data:image\/svg+xml;base64,PHN2ZyB3aWR0aD0iMSIgaGVpZ2h0PSIxIiB4bWxucz0iaHR0cDovL3d3dy53My5vcmcvMjAwMC9zdmciPjwvc3ZnPg==\" style=\"--smush-placeholder-width: 658px; --smush-placeholder-aspect-ratio: 658\/400;\" \/><\/figure><\/li><\/ul>\n\n\n\n<p>Uno de los detenidos, apodado \u201cel Mono\u201d, se\u00f1al\u00f3 ser empleado municipal.<\/p>\n\n\n\n<p>El operativo tambi\u00e9n encontr\u00f3, tel\u00e9fonos celulares, vestimenta del Club Colon de Santa Fe y municiones de diferentes calibres.<br><\/p>\n\n\n\n<ul class=\"wp-block-gallery columns-2 is-cropped wp-block-gallery-3 is-layout-flex wp-block-gallery-is-layout-flex\"><li class=\"blocks-gallery-item\"><figure><img decoding=\"async\" width=\"658\" height=\"400\" data-attachment-id=\"49070\" data-permalink=\"https:\/\/eldiariodesanpedro.com.ar\/sitio\/campana-contra-el-narcomenudeo-secuestran-cocaina-lista-para-vender-hay-cuatro-detenidos-y-uno-es-menor\/whatsapp-image-2019-03-15-at-10-36-41-copia_658x400\/\" data-orig-file=\"https:\/\/eldiariodesanpedro.com.ar\/sitio\/wp-content\/uploads\/2019\/03\/WhatsApp-Image-2019-03-15-at-10.36.41-copia_658x400.jpeg\" data-orig-size=\"658,400\" data-comments-opened=\"1\" data-image-meta=\"{&quot;aperture&quot;:&quot;0&quot;,&quot;credit&quot;:&quot;&quot;,&quot;camera&quot;:&quot;&quot;,&quot;caption&quot;:&quot;&quot;,&quot;created_timestamp&quot;:&quot;0&quot;,&quot;copyright&quot;:&quot;&quot;,&quot;focal_length&quot;:&quot;0&quot;,&quot;iso&quot;:&quot;0&quot;,&quot;shutter_speed&quot;:&quot;0&quot;,&quot;title&quot;:&quot;&quot;,&quot;orientation&quot;:&quot;0&quot;}\" data-image-title=\"WhatsApp-Image-2019-03-15-at-10.36.41-copia_658x400\" data-image-description=\"\" data-image-caption=\"\" data-large-file=\"https:\/\/eldiariodesanpedro.com.ar\/sitio\/wp-content\/uploads\/2019\/03\/WhatsApp-Image-2019-03-15-at-10.36.41-copia_658x400.jpeg\" data-src=\"https:\/\/eldiariodesanpedro.com.ar\/sitio\/wp-content\/uploads\/2019\/03\/WhatsApp-Image-2019-03-15-at-10.36.41-copia_658x400.jpeg\" alt=\"\" data-id=\"49070\" data-link=\"https:\/\/eldiariodesanpedro.com.ar\/sitio\/?attachment_id=49070\" class=\"wp-image-49070 lazyload\" data-srcset=\"https:\/\/eldiariodesanpedro.com.ar\/sitio\/wp-content\/uploads\/2019\/03\/WhatsApp-Image-2019-03-15-at-10.36.41-copia_658x400.jpeg 658w, https:\/\/eldiariodesanpedro.com.ar\/sitio\/wp-content\/uploads\/2019\/03\/WhatsApp-Image-2019-03-15-at-10.36.41-copia_658x400-300x182.jpeg 300w\" data-sizes=\"(max-width: 658px) 100vw, 658px\" src=\"data:image\/svg+xml;base64,PHN2ZyB3aWR0aD0iMSIgaGVpZ2h0PSIxIiB4bWxucz0iaHR0cDovL3d3dy53My5vcmcvMjAwMC9zdmciPjwvc3ZnPg==\" style=\"--smush-placeholder-width: 658px; --smush-placeholder-aspect-ratio: 658\/400;\" \/><\/figure><\/li><li class=\"blocks-gallery-item\"><figure><img decoding=\"async\" width=\"658\" height=\"400\" data-attachment-id=\"49071\" data-permalink=\"https:\/\/eldiariodesanpedro.com.ar\/sitio\/campana-contra-el-narcomenudeo-secuestran-cocaina-lista-para-vender-hay-cuatro-detenidos-y-uno-es-menor\/whatsapp-image-2019-03-15-at-10-36-42-4-e1552700184244-copia_658x400\/\" data-orig-file=\"https:\/\/eldiariodesanpedro.com.ar\/sitio\/wp-content\/uploads\/2019\/03\/WhatsApp-Image-2019-03-15-at-10.36.42-4-e1552700184244-copia_658x400.jpeg\" data-orig-size=\"658,400\" data-comments-opened=\"1\" data-image-meta=\"{&quot;aperture&quot;:&quot;0&quot;,&quot;credit&quot;:&quot;&quot;,&quot;camera&quot;:&quot;&quot;,&quot;caption&quot;:&quot;&quot;,&quot;created_timestamp&quot;:&quot;0&quot;,&quot;copyright&quot;:&quot;&quot;,&quot;focal_length&quot;:&quot;0&quot;,&quot;iso&quot;:&quot;0&quot;,&quot;shutter_speed&quot;:&quot;0&quot;,&quot;title&quot;:&quot;&quot;,&quot;orientation&quot;:&quot;0&quot;}\" data-image-title=\"WhatsApp-Image-2019-03-15-at-10.36.42-4-e1552700184244-copia_658x400\" data-image-description=\"\" data-image-caption=\"\" data-large-file=\"https:\/\/eldiariodesanpedro.com.ar\/sitio\/wp-content\/uploads\/2019\/03\/WhatsApp-Image-2019-03-15-at-10.36.42-4-e1552700184244-copia_658x400.jpeg\" data-src=\"https:\/\/eldiariodesanpedro.com.ar\/sitio\/wp-content\/uploads\/2019\/03\/WhatsApp-Image-2019-03-15-at-10.36.42-4-e1552700184244-copia_658x400.jpeg\" alt=\"\" data-id=\"49071\" data-link=\"https:\/\/eldiariodesanpedro.com.ar\/sitio\/?attachment_id=49071\" class=\"wp-image-49071 lazyload\" data-srcset=\"https:\/\/eldiariodesanpedro.com.ar\/sitio\/wp-content\/uploads\/2019\/03\/WhatsApp-Image-2019-03-15-at-10.36.42-4-e1552700184244-copia_658x400.jpeg 658w, https:\/\/eldiariodesanpedro.com.ar\/sitio\/wp-content\/uploads\/2019\/03\/WhatsApp-Image-2019-03-15-at-10.36.42-4-e1552700184244-copia_658x400-300x182.jpeg 300w\" data-sizes=\"(max-width: 658px) 100vw, 658px\" src=\"data:image\/svg+xml;base64,PHN2ZyB3aWR0aD0iMSIgaGVpZ2h0PSIxIiB4bWxucz0iaHR0cDovL3d3dy53My5vcmcvMjAwMC9zdmciPjwvc3ZnPg==\" style=\"--smush-placeholder-width: 658px; --smush-placeholder-aspect-ratio: 658\/400;\" \/><\/figure><\/li><\/ul>\n\n\n\n<p>FUENTE: Enlace Critico<\/p>\n","protected":false},"excerpt":{"rendered":"<p>Personal de la Comisar\u00eda 1era. de Campana, junto a la Jefatura Departamental Z\u00e1rate Campana y el Grupo de Apoyo Departamental (GAD), allan\u00f3 una vivienda en el barrio San Luciano. Tras una ardua investigaci\u00f3n y reunidas las pruebas suficientes para establecer que exist\u00eda una\u00a0 comercializaci\u00f3n de sustancias en el domicilio, se solicitaron las correspondientes ordenes de [&hellip;]<\/p>\n","protected":false},"author":4,"featured_media":49068,"comment_status":"open","ping_status":"closed","sticky":false,"template":"","format":"standard","meta":{"om_disable_all_campaigns":false,"_jetpack_memberships_contains_paid_content":false,"footnotes":""},"categories":[621],"tags":[],"class_list":["post-49066","post","type-post","status-publish","format-standard","has-post-thumbnail","hentry","category-regionales"],"aioseo_notices":[],"gutentor_comment":0,"jetpack_featured_media_url":"https:\/\/eldiariodesanpedro.com.ar\/sitio\/wp-content\/uploads\/2019\/03\/WhatsApp-Image-2019-03-15-at-10.36.41-2-copia_658x400.jpeg","jetpack_shortlink":"https:\/\/wp.me\/p6RhLt-cLo","jetpack_sharing_enabled":true,"_links":{"self":[{"href":"https:\/\/eldiariodesanpedro.com.ar\/sitio\/wp-json\/wp\/v2\/posts\/49066","targetHints":{"allow":["GET"]}}],"collection":[{"href":"https:\/\/eldiariodesanpedro.com.ar\/sitio\/wp-json\/wp\/v2\/posts"}],"about":[{"href":"https:\/\/eldiariodesanpedro.com.ar\/sitio\/wp-json\/wp\/v2\/types\/post"}],"author":[{"embeddable":true,"href":"https:\/\/eldiariodesanpedro.com.ar\/sitio\/wp-json\/wp\/v2\/users\/4"}],"replies":[{"embeddable":true,"href":"https:\/\/eldiariodesanpedro.com.ar\/sitio\/wp-json\/wp\/v2\/comments?post=49066"}],"version-history":[{"count":1,"href":"https:\/\/eldiariodesanpedro.com.ar\/sitio\/wp-json\/wp\/v2\/posts\/49066\/revisions"}],"predecessor-version":[{"id":49072,"href":"https:\/\/eldiariodesanpedro.com.ar\/sitio\/wp-json\/wp\/v2\/posts\/49066\/revisions\/49072"}],"wp:featuredmedia":[{"embeddable":true,"href":"https:\/\/eldiariodesanpedro.com.ar\/sitio\/wp-json\/wp\/v2\/media\/49068"}],"wp:attachment":[{"href":"https:\/\/eldiariodesanpedro.com.ar\/sitio\/wp-json\/wp\/v2\/media?parent=49066"}],"wp:term":[{"taxonomy":"category","embeddable":true,"href":"https:\/\/eldiariodesanpedro.com.ar\/sitio\/wp-json\/wp\/v2\/categories?post=49066"},{"taxonomy":"post_tag","embeddable":true,"href":"https:\/\/eldiariodesanpedro.com.ar\/sitio\/wp-json\/wp\/v2\/tags?post=49066"}],"curies":[{"name":"wp","href":"https:\/\/api.w.org\/{rel}","templated":true}]}}