{"id":49049,"date":"2019-03-15T20:28:05","date_gmt":"2019-03-15T23:28:05","guid":{"rendered":"https:\/\/eldiariodesanpedro.com.ar\/sitio\/?p=49049"},"modified":"2019-03-15T20:28:15","modified_gmt":"2019-03-15T23:28:15","slug":"falsa-entradera-en-un-departamento-de-torres-del-sol","status":"publish","type":"post","link":"https:\/\/eldiariodesanpedro.com.ar\/sitio\/falsa-entradera-en-un-departamento-de-torres-del-sol\/","title":{"rendered":"Falsa entradera en un departamento de Torres del Sol"},"content":{"rendered":"<!-- VideographyWP Plugin Message: Automatic video embedding prevented by plugin options. -->\n\n<p>Esta tarde de viernes alrededor de las 19 hs se produjo una extra\u00f1a situaci\u00f3n en la zona c\u00e9ntrica de nuestra ciudad, m\u00e1s precisamente en el edificio Torres del Sol donde se cortaron al transito varias calles aleda\u00f1as.<\/p>\n\n\n\n<p>El hecho se produjo en el 5\u00ba piso del edificio Torres del Sol ubicado en la esquina de Mitre y San Mart\u00edn donde una mujer  de alrededor de 65 a\u00f1os de edad dio aviso a trav\u00e9s del 911 que dentro de su departamento se encontraban delincuentes.<\/p>\n\n\n\n<p>Se realizo un importante despliegue cortando el transito de dichas arterias y cerrando el paso de los peatones para de esta manera evitar la fuga de los malvivientes.<\/p>\n\n\n\n<p>Luego de unos minutos de revisar todo el edificio se puedo determinar que se trato de una falsa alarma, seg\u00fan versiones de vecinos, la mujer que llamo por tel\u00e9fono se encontraba tomando unas medicinas que le provocan alucinaciones causando la presencia de los supuestos delincuentes.<\/p>\n\n\n\n<figure class=\"wp-block-image\"><img decoding=\"async\" width=\"1024\" height=\"498\" data-attachment-id=\"49051\" data-permalink=\"https:\/\/eldiariodesanpedro.com.ar\/sitio\/falsa-entradera-en-un-departamento-de-torres-del-sol\/whatsapp-image-2019-03-15-at-19-50-342\/\" data-orig-file=\"https:\/\/eldiariodesanpedro.com.ar\/sitio\/wp-content\/uploads\/2019\/03\/WhatsApp-Image-2019-03-15-at-19.50.342.jpeg\" data-orig-size=\"1280,622\" data-comments-opened=\"1\" data-image-meta=\"{&quot;aperture&quot;:&quot;0&quot;,&quot;credit&quot;:&quot;&quot;,&quot;camera&quot;:&quot;&quot;,&quot;caption&quot;:&quot;&quot;,&quot;created_timestamp&quot;:&quot;0&quot;,&quot;copyright&quot;:&quot;&quot;,&quot;focal_length&quot;:&quot;0&quot;,&quot;iso&quot;:&quot;0&quot;,&quot;shutter_speed&quot;:&quot;0&quot;,&quot;title&quot;:&quot;&quot;,&quot;orientation&quot;:&quot;0&quot;}\" data-image-title=\"WhatsApp Image 2019-03-15 at 19.50.34(2)\" data-image-description=\"\" data-image-caption=\"\" data-large-file=\"https:\/\/eldiariodesanpedro.com.ar\/sitio\/wp-content\/uploads\/2019\/03\/WhatsApp-Image-2019-03-15-at-19.50.342-1024x498.jpeg\" data-src=\"https:\/\/eldiariodesanpedro.com.ar\/sitio\/wp-content\/uploads\/2019\/03\/WhatsApp-Image-2019-03-15-at-19.50.342-1024x498.jpeg\" alt=\"\" class=\"wp-image-49051 lazyload\" data-srcset=\"https:\/\/eldiariodesanpedro.com.ar\/sitio\/wp-content\/uploads\/2019\/03\/WhatsApp-Image-2019-03-15-at-19.50.342-1024x498.jpeg 1024w, https:\/\/eldiariodesanpedro.com.ar\/sitio\/wp-content\/uploads\/2019\/03\/WhatsApp-Image-2019-03-15-at-19.50.342-300x146.jpeg 300w, https:\/\/eldiariodesanpedro.com.ar\/sitio\/wp-content\/uploads\/2019\/03\/WhatsApp-Image-2019-03-15-at-19.50.342-768x373.jpeg 768w, https:\/\/eldiariodesanpedro.com.ar\/sitio\/wp-content\/uploads\/2019\/03\/WhatsApp-Image-2019-03-15-at-19.50.342.jpeg 1280w\" data-sizes=\"(max-width: 1024px) 100vw, 1024px\" src=\"data:image\/svg+xml;base64,PHN2ZyB3aWR0aD0iMSIgaGVpZ2h0PSIxIiB4bWxucz0iaHR0cDovL3d3dy53My5vcmcvMjAwMC9zdmciPjwvc3ZnPg==\" style=\"--smush-placeholder-width: 1024px; --smush-placeholder-aspect-ratio: 1024\/498;\" \/><\/figure>\n","protected":false},"excerpt":{"rendered":"<p>Esta tarde de viernes alrededor de las 19 hs se produjo una extra\u00f1a situaci\u00f3n en la zona c\u00e9ntrica de nuestra ciudad, m\u00e1s precisamente en el edificio Torres del Sol donde se cortaron al transito varias calles aleda\u00f1as. El hecho se produjo en el 5\u00ba piso del edificio Torres del Sol ubicado en la esquina de [&hellip;]<\/p>\n","protected":false},"author":4,"featured_media":49050,"comment_status":"open","ping_status":"closed","sticky":false,"template":"","format":"standard","meta":{"om_disable_all_campaigns":false,"_jetpack_memberships_contains_paid_content":false,"footnotes":""},"categories":[2,103],"tags":[],"class_list":["post-49049","post","type-post","status-publish","format-standard","has-post-thumbnail","hentry","category-locales","category-policiales-locales"],"aioseo_notices":[],"gutentor_comment":0,"jetpack_featured_media_url":"https:\/\/eldiariodesanpedro.com.ar\/sitio\/wp-content\/uploads\/2019\/03\/WhatsApp-Image-2019-03-15-at-19.50.341.jpeg","jetpack_shortlink":"https:\/\/wp.me\/p6RhLt-cL7","jetpack_sharing_enabled":true,"_links":{"self":[{"href":"https:\/\/eldiariodesanpedro.com.ar\/sitio\/wp-json\/wp\/v2\/posts\/49049","targetHints":{"allow":["GET"]}}],"collection":[{"href":"https:\/\/eldiariodesanpedro.com.ar\/sitio\/wp-json\/wp\/v2\/posts"}],"about":[{"href":"https:\/\/eldiariodesanpedro.com.ar\/sitio\/wp-json\/wp\/v2\/types\/post"}],"author":[{"embeddable":true,"href":"https:\/\/eldiariodesanpedro.com.ar\/sitio\/wp-json\/wp\/v2\/users\/4"}],"replies":[{"embeddable":true,"href":"https:\/\/eldiariodesanpedro.com.ar\/sitio\/wp-json\/wp\/v2\/comments?post=49049"}],"version-history":[{"count":1,"href":"https:\/\/eldiariodesanpedro.com.ar\/sitio\/wp-json\/wp\/v2\/posts\/49049\/revisions"}],"predecessor-version":[{"id":49052,"href":"https:\/\/eldiariodesanpedro.com.ar\/sitio\/wp-json\/wp\/v2\/posts\/49049\/revisions\/49052"}],"wp:featuredmedia":[{"embeddable":true,"href":"https:\/\/eldiariodesanpedro.com.ar\/sitio\/wp-json\/wp\/v2\/media\/49050"}],"wp:attachment":[{"href":"https:\/\/eldiariodesanpedro.com.ar\/sitio\/wp-json\/wp\/v2\/media?parent=49049"}],"wp:term":[{"taxonomy":"category","embeddable":true,"href":"https:\/\/eldiariodesanpedro.com.ar\/sitio\/wp-json\/wp\/v2\/categories?post=49049"},{"taxonomy":"post_tag","embeddable":true,"href":"https:\/\/eldiariodesanpedro.com.ar\/sitio\/wp-json\/wp\/v2\/tags?post=49049"}],"curies":[{"name":"wp","href":"https:\/\/api.w.org\/{rel}","templated":true}]}}