{"id":49043,"date":"2019-03-15T10:17:45","date_gmt":"2019-03-15T13:17:45","guid":{"rendered":"https:\/\/eldiariodesanpedro.com.ar\/sitio\/?p=49043"},"modified":"2019-03-15T10:17:54","modified_gmt":"2019-03-15T13:17:54","slug":"arrecifes-hospital-nuevo-terminal-nueva-y-museo-nuevo","status":"publish","type":"post","link":"https:\/\/eldiariodesanpedro.com.ar\/sitio\/arrecifes-hospital-nuevo-terminal-nueva-y-museo-nuevo\/","title":{"rendered":"ARRECIFES: \u00bfHospital nuevo, Terminal nueva y Museo nuevo?"},"content":{"rendered":"<!-- VideographyWP Plugin Message: Automatic video embedding prevented by plugin options. -->\n\n<p>\n\nEn la noche de este martes, en el programa \u201cContacto\u201d que Cristian \u00c1valos Vidal conduce por el canal local, el intendente Javier Olaeta sorprendi\u00f3 con el anuncio de la construcci\u00f3n de una Terminal de \u00d3mnibus nueva.<\/p>\n\n\n\n<p>\u201cLa haremos en un predio sobre ruta 8, ubicado entre el Estadio Municipal y EDEN\u201d, anticip\u00f3.<\/p>\n\n\n\n<p>En una encuesta publicada en la p\u00e1gina de Facebook de Diario Noticias de Arrecifes y Radio Uno, la mayor\u00eda de los arrecife\u00f1os se expres\u00f3 a favor de la decisi\u00f3n del Intendente. En tanto, los que se manifestaron en contra argumentaron que es m\u00e1s necesario invertir en generar fuentes de trabajo que en una terminal. Adem\u00e1s, se cuestion\u00f3 la utilidad de esa futura obra teniendo en cuenta que la autopista va a pasar muy lejos de la ruta 8 original y que ni siquiera se sabe d\u00f3nde van a parar los micros de larga distancia. Y hacer una terminal nueva para la \u00fanica empresa de colectivos interurbano o las combis, no tiene sentido.<\/p>\n\n\n\n<p>\u00bfMUSEO NUEVO?<\/p>\n\n\n\n<p>Olaeta no ampli\u00f3 demasiado sobre el proyecto, pero se sabe que desde hace tiempo tiene intenciones de construir un Museo del Automovilismo donde existe la actual Terminal de \u00d3mnibus, en la esquina de Av. Merlassino y Ram\u00f3n Lorenzo, en pleno coraz\u00f3n de Arrecifes. Quiz\u00e1s eso lo lleve a anunciar la nueva obra, que demandar\u00eda una inversi\u00f3n important\u00edsima.<\/p>\n\n\n\n<p>\u00bfHOSPITAL NUEVO?<\/p>\n\n\n\n<p>Tambi\u00e9n se cuestiona si la nueva terminal se construir\u00e1 antes o despu\u00e9s que el nuevo hospital municipal que tambi\u00e9n anunci\u00f3 hace tiempo el Intendente, y que ratific\u00f3 en el inicio de sesiones 2019 del Concejo Deliberante.<\/p>\n\n\n\n<p>Sin dudas que un nuevo hospital es una obra m\u00e1s importante y necesaria. Por ello, si la terminal se realiza antes, se estar\u00eda utilizando mucho dinero que servir\u00eda para el hospital. Y si se hace despu\u00e9s, estaremos hablando de muchos a\u00f1os a futuro.<\/p>\n\n\n\n<p>\u00bfQu\u00e9 sentido tiene este anuncio de Olaeta en este momento, entonces? No se alcanza a comprender. Ojal\u00e1 no sea s\u00f3lo una promesa electoral sin el m\u00e1s m\u00ednimo an\u00e1lisis de la situaci\u00f3n.<\/p>\n\n\n\n<p>En realidad no lo necesita, ya que hoy todas las encuestas lo dan como ganador en su camino a la reelecci\u00f3n.<\/p>\n","protected":false},"excerpt":{"rendered":"<p>En la noche de este martes, en el programa \u201cContacto\u201d que Cristian \u00c1valos Vidal conduce por el canal local, el intendente Javier Olaeta sorprendi\u00f3 con el anuncio de la construcci\u00f3n de una Terminal de \u00d3mnibus nueva. \u201cLa haremos en un predio sobre ruta 8, ubicado entre el Estadio Municipal y EDEN\u201d, anticip\u00f3. En una encuesta [&hellip;]<\/p>\n","protected":false},"author":4,"featured_media":49044,"comment_status":"open","ping_status":"closed","sticky":false,"template":"","format":"standard","meta":{"om_disable_all_campaigns":false,"_jetpack_memberships_contains_paid_content":false,"footnotes":""},"categories":[621],"tags":[],"class_list":["post-49043","post","type-post","status-publish","format-standard","has-post-thumbnail","hentry","category-regionales"],"aioseo_notices":[],"gutentor_comment":0,"jetpack_featured_media_url":"https:\/\/eldiariodesanpedro.com.ar\/sitio\/wp-content\/uploads\/2019\/03\/avalos-vidal-olaeta-708x510.jpg","jetpack_shortlink":"https:\/\/wp.me\/p6RhLt-cL1","jetpack_sharing_enabled":true,"_links":{"self":[{"href":"https:\/\/eldiariodesanpedro.com.ar\/sitio\/wp-json\/wp\/v2\/posts\/49043","targetHints":{"allow":["GET"]}}],"collection":[{"href":"https:\/\/eldiariodesanpedro.com.ar\/sitio\/wp-json\/wp\/v2\/posts"}],"about":[{"href":"https:\/\/eldiariodesanpedro.com.ar\/sitio\/wp-json\/wp\/v2\/types\/post"}],"author":[{"embeddable":true,"href":"https:\/\/eldiariodesanpedro.com.ar\/sitio\/wp-json\/wp\/v2\/users\/4"}],"replies":[{"embeddable":true,"href":"https:\/\/eldiariodesanpedro.com.ar\/sitio\/wp-json\/wp\/v2\/comments?post=49043"}],"version-history":[{"count":1,"href":"https:\/\/eldiariodesanpedro.com.ar\/sitio\/wp-json\/wp\/v2\/posts\/49043\/revisions"}],"predecessor-version":[{"id":49045,"href":"https:\/\/eldiariodesanpedro.com.ar\/sitio\/wp-json\/wp\/v2\/posts\/49043\/revisions\/49045"}],"wp:featuredmedia":[{"embeddable":true,"href":"https:\/\/eldiariodesanpedro.com.ar\/sitio\/wp-json\/wp\/v2\/media\/49044"}],"wp:attachment":[{"href":"https:\/\/eldiariodesanpedro.com.ar\/sitio\/wp-json\/wp\/v2\/media?parent=49043"}],"wp:term":[{"taxonomy":"category","embeddable":true,"href":"https:\/\/eldiariodesanpedro.com.ar\/sitio\/wp-json\/wp\/v2\/categories?post=49043"},{"taxonomy":"post_tag","embeddable":true,"href":"https:\/\/eldiariodesanpedro.com.ar\/sitio\/wp-json\/wp\/v2\/tags?post=49043"}],"curies":[{"name":"wp","href":"https:\/\/api.w.org\/{rel}","templated":true}]}}