{"id":49040,"date":"2019-03-15T10:16:18","date_gmt":"2019-03-15T13:16:18","guid":{"rendered":"https:\/\/eldiariodesanpedro.com.ar\/sitio\/?p=49040"},"modified":"2019-03-15T10:16:27","modified_gmt":"2019-03-15T13:16:27","slug":"campana-mato-a-su-locataria-confeso-y-se-entrego","status":"publish","type":"post","link":"https:\/\/eldiariodesanpedro.com.ar\/sitio\/campana-mato-a-su-locataria-confeso-y-se-entrego\/","title":{"rendered":"CAMPANA: Mat\u00f3 a su locataria, confes\u00f3 y se entreg\u00f3"},"content":{"rendered":"<!-- VideographyWP Plugin Message: Automatic video embedding prevented by plugin options. -->\n\n<p>\n\nEl asesino fue hallado por la Polic\u00eda deambulando por la calle. All\u00ed habr\u00eda confesado el hecho. La v\u00edctima ten\u00eda 66 a\u00f1os, y le alquilaba una precaria vivienda a quien la termin\u00f3 atando y asfixiando. El detenido ten\u00eda antecedentes por homicidio.<\/p>\n\n\n\n<p>Cerca de las 5 de la ma\u00f1ana, un m\u00f3vil del Comando Patrulla Campana llegaba hasta la esquina de Malvinas Argentinas y Cordeu, en el barrio Lubo. Un hombre deambulaba por el lugar, y al intentar ser identificado por los efectivos, confes\u00f3 haber asesinado a una mujer.<\/p>\n\n\n\n<p>Identificado como Victor Hugo Mieres, de 49 a\u00f1os, se entreg\u00f3 sin oponer resistencia. La v\u00edctima result\u00f3 ser Azuzena Cuevas, de 66 a\u00f1os, quien fue hallada sin vida atada de manos en el interior de su vivienda, tapada con una frazada y con signos de haber sido asfixiada.<\/p>\n\n\n\n<p>Seg\u00fan pudo establecerse, la mujer le alquilaba a su victimario una casilla en el mismo terreno donde viv\u00eda. Una vecina declar\u00f3 haber escuchado una discusi\u00f3n entre Mieres y Cuevas.<\/p>\n\n\n\n<p>El sujeto fue detenido en el acto. La Polic\u00eda confirm\u00f3 adem\u00e1s que el asesino contaba con antecedentes por homicidio, incaut\u00e1ndose unos $5500 que le habr\u00eda robado a su v\u00edctima.&nbsp;<\/p>\n\n\n\n<p>Intervinieron el instructor judicial Dr. Garc\u00eda y el Fiscal de la UFI N\u00b02 Dr. Matias Ferreiros, y personal de Polic\u00eda Cient\u00edfica relev\u00f3 las huellas y detalles del aberrante hecho. <\/p>\n\n\n\n<p>Fuente: Campana Noticias<\/p>\n","protected":false},"excerpt":{"rendered":"<p>El asesino fue hallado por la Polic\u00eda deambulando por la calle. All\u00ed habr\u00eda confesado el hecho. La v\u00edctima ten\u00eda 66 a\u00f1os, y le alquilaba una precaria vivienda a quien la termin\u00f3 atando y asfixiando. El detenido ten\u00eda antecedentes por homicidio. Cerca de las 5 de la ma\u00f1ana, un m\u00f3vil del Comando Patrulla Campana llegaba hasta [&hellip;]<\/p>\n","protected":false},"author":4,"featured_media":49041,"comment_status":"open","ping_status":"closed","sticky":false,"template":"","format":"standard","meta":{"om_disable_all_campaigns":false,"_jetpack_memberships_contains_paid_content":false,"footnotes":""},"categories":[621],"tags":[],"class_list":["post-49040","post","type-post","status-publish","format-standard","has-post-thumbnail","hentry","category-regionales"],"aioseo_notices":[],"gutentor_comment":0,"jetpack_featured_media_url":"https:\/\/eldiariodesanpedro.com.ar\/sitio\/wp-content\/uploads\/2019\/03\/20190314063919.jpg","jetpack_shortlink":"https:\/\/wp.me\/p6RhLt-cKY","jetpack_sharing_enabled":true,"_links":{"self":[{"href":"https:\/\/eldiariodesanpedro.com.ar\/sitio\/wp-json\/wp\/v2\/posts\/49040","targetHints":{"allow":["GET"]}}],"collection":[{"href":"https:\/\/eldiariodesanpedro.com.ar\/sitio\/wp-json\/wp\/v2\/posts"}],"about":[{"href":"https:\/\/eldiariodesanpedro.com.ar\/sitio\/wp-json\/wp\/v2\/types\/post"}],"author":[{"embeddable":true,"href":"https:\/\/eldiariodesanpedro.com.ar\/sitio\/wp-json\/wp\/v2\/users\/4"}],"replies":[{"embeddable":true,"href":"https:\/\/eldiariodesanpedro.com.ar\/sitio\/wp-json\/wp\/v2\/comments?post=49040"}],"version-history":[{"count":1,"href":"https:\/\/eldiariodesanpedro.com.ar\/sitio\/wp-json\/wp\/v2\/posts\/49040\/revisions"}],"predecessor-version":[{"id":49042,"href":"https:\/\/eldiariodesanpedro.com.ar\/sitio\/wp-json\/wp\/v2\/posts\/49040\/revisions\/49042"}],"wp:featuredmedia":[{"embeddable":true,"href":"https:\/\/eldiariodesanpedro.com.ar\/sitio\/wp-json\/wp\/v2\/media\/49041"}],"wp:attachment":[{"href":"https:\/\/eldiariodesanpedro.com.ar\/sitio\/wp-json\/wp\/v2\/media?parent=49040"}],"wp:term":[{"taxonomy":"category","embeddable":true,"href":"https:\/\/eldiariodesanpedro.com.ar\/sitio\/wp-json\/wp\/v2\/categories?post=49040"},{"taxonomy":"post_tag","embeddable":true,"href":"https:\/\/eldiariodesanpedro.com.ar\/sitio\/wp-json\/wp\/v2\/tags?post=49040"}],"curies":[{"name":"wp","href":"https:\/\/api.w.org\/{rel}","templated":true}]}}