{"id":49037,"date":"2019-03-15T10:14:53","date_gmt":"2019-03-15T13:14:53","guid":{"rendered":"https:\/\/eldiariodesanpedro.com.ar\/sitio\/?p=49037"},"modified":"2019-03-15T10:15:02","modified_gmt":"2019-03-15T13:15:02","slug":"zarate-vecina-reclama-por-mala-atencion-en-una-clinica-y-pide-traslado","status":"publish","type":"post","link":"https:\/\/eldiariodesanpedro.com.ar\/sitio\/zarate-vecina-reclama-por-mala-atencion-en-una-clinica-y-pide-traslado\/","title":{"rendered":"Z\u00c1RATE: Vecina reclama por mala atenci\u00f3n en una cl\u00ednica y pide traslado"},"content":{"rendered":"<!-- VideographyWP Plugin Message: Automatic video embedding prevented by plugin options. -->\n\n<p>Susana Yalasi residente de la localidad de Lima, tuvo que ser internada tras sufrir una fuerte descompensaci\u00f3n cuando se dirig\u00eda a realizarse di\u00e1lisis. Su situaci\u00f3n se agrav\u00f3 y en terapia intensiva, denuncia haber sido maltratada, y hasta atada a su cama con s\u00e1banas.<\/p>\n\n\n\n<p>Fue atendida en el Hospital Virgen del Carmen de Z\u00e1rate y trasladada a un centro de Mart\u00edn Coronado, para continuar con su posterior seguimiento e internaci\u00f3n. Seg\u00fan relat\u00f3 su marido, descubri\u00f3 marcas en su hombre y solicit\u00f3 a los m\u00e9dicos que le realicen una radiograf\u00eda de manera urgente: \u201cconfirm\u00e9 que le hab\u00edan quebrado el brazo sin ninguna raz\u00f3n\u201d, sentencia Norberto Servi, el esposo de la mujer.<\/p>\n\n\n\n<p>Adem\u00e1s, la se\u00f1ora dijo que en reiteradas oportunidades fue atada a la cama porque \u201cestaba inquieta\u201d, seg\u00fan los m\u00e9dicos.\u00a0 Ahora piden el inmediato traspaso nuevamente a Z\u00e1rate o Luj\u00e1n y explicaciones pertinentes respecto a la atenci\u00f3n recibida.<\/p>\n\n\n\n<p>Fuente: Z\u00e1rate Alerta<\/p>\n","protected":false},"excerpt":{"rendered":"<p>Susana Yalasi residente de la localidad de Lima, tuvo que ser internada tras sufrir una fuerte descompensaci\u00f3n cuando se dirig\u00eda a realizarse di\u00e1lisis. Su situaci\u00f3n se agrav\u00f3 y en terapia intensiva, denuncia haber sido maltratada, y hasta atada a su cama con s\u00e1banas. Fue atendida en el Hospital Virgen del Carmen de Z\u00e1rate y trasladada [&hellip;]<\/p>\n","protected":false},"author":4,"featured_media":49038,"comment_status":"open","ping_status":"closed","sticky":false,"template":"","format":"standard","meta":{"om_disable_all_campaigns":false,"_jetpack_memberships_contains_paid_content":false,"footnotes":""},"categories":[621],"tags":[],"class_list":["post-49037","post","type-post","status-publish","format-standard","has-post-thumbnail","hentry","category-regionales"],"aioseo_notices":[],"gutentor_comment":0,"jetpack_featured_media_url":"https:\/\/eldiariodesanpedro.com.ar\/sitio\/wp-content\/uploads\/2019\/03\/FB_IMG_1552577314723.jpg","jetpack_shortlink":"https:\/\/wp.me\/p6RhLt-cKV","jetpack_sharing_enabled":true,"_links":{"self":[{"href":"https:\/\/eldiariodesanpedro.com.ar\/sitio\/wp-json\/wp\/v2\/posts\/49037","targetHints":{"allow":["GET"]}}],"collection":[{"href":"https:\/\/eldiariodesanpedro.com.ar\/sitio\/wp-json\/wp\/v2\/posts"}],"about":[{"href":"https:\/\/eldiariodesanpedro.com.ar\/sitio\/wp-json\/wp\/v2\/types\/post"}],"author":[{"embeddable":true,"href":"https:\/\/eldiariodesanpedro.com.ar\/sitio\/wp-json\/wp\/v2\/users\/4"}],"replies":[{"embeddable":true,"href":"https:\/\/eldiariodesanpedro.com.ar\/sitio\/wp-json\/wp\/v2\/comments?post=49037"}],"version-history":[{"count":1,"href":"https:\/\/eldiariodesanpedro.com.ar\/sitio\/wp-json\/wp\/v2\/posts\/49037\/revisions"}],"predecessor-version":[{"id":49039,"href":"https:\/\/eldiariodesanpedro.com.ar\/sitio\/wp-json\/wp\/v2\/posts\/49037\/revisions\/49039"}],"wp:featuredmedia":[{"embeddable":true,"href":"https:\/\/eldiariodesanpedro.com.ar\/sitio\/wp-json\/wp\/v2\/media\/49038"}],"wp:attachment":[{"href":"https:\/\/eldiariodesanpedro.com.ar\/sitio\/wp-json\/wp\/v2\/media?parent=49037"}],"wp:term":[{"taxonomy":"category","embeddable":true,"href":"https:\/\/eldiariodesanpedro.com.ar\/sitio\/wp-json\/wp\/v2\/categories?post=49037"},{"taxonomy":"post_tag","embeddable":true,"href":"https:\/\/eldiariodesanpedro.com.ar\/sitio\/wp-json\/wp\/v2\/tags?post=49037"}],"curies":[{"name":"wp","href":"https:\/\/api.w.org\/{rel}","templated":true}]}}