{"id":49034,"date":"2019-03-15T10:12:30","date_gmt":"2019-03-15T13:12:30","guid":{"rendered":"https:\/\/eldiariodesanpedro.com.ar\/sitio\/?p=49034"},"modified":"2019-03-15T10:12:42","modified_gmt":"2019-03-15T13:12:42","slug":"san-nicolas-ataco-a-su-ex-pareja-con-una-cuchilla","status":"publish","type":"post","link":"https:\/\/eldiariodesanpedro.com.ar\/sitio\/san-nicolas-ataco-a-su-ex-pareja-con-una-cuchilla\/","title":{"rendered":"SAN NICOL\u00c1S: Atac\u00f3 a su ex pareja con una cuchilla"},"content":{"rendered":"<!-- VideographyWP Plugin Message: Automatic video embedding prevented by plugin options. -->\n\n<p><strong>Un terrible episodio de violencia de g\u00e9nero tuvo lugar en barrio California cuando un sujeto atac\u00f3 a su ex pareja con una gran cuchilla de cocina, provoc\u00e1ndole heridas.<\/strong><\/p>\n\n\n\n<p><br>Como venimos consignando de forma asidua en las p\u00e1ginas de El Norte, se siguen suscitando episodios de violencia familiar y entre vecinos, pero especialmente hechos de violencia de g\u00e9nero. A pesar de las recientes marchas y pedidos de m\u00e1s control y leyes m\u00e1s duras respecto a los episodios de agresi\u00f3n contra mujeres, contin\u00faan ocurriendo hechos que sacuden a la opini\u00f3n p\u00fablica y que generan un dolor f\u00edsico y emocional a sus v\u00edctimas del que les cuesta salir. Generalmente la violencia de g\u00e9nero esta apuntada hacia las ex parejas, con broncas pasadas que no se alcanzan a digerir y un sentimiento de pertenencia que aflora en algunos hombres que siguen creyendo que la mujer es su propiedad y que pueden disponer de la misma como quieran.<\/p>\n\n\n\n<p><br><strong>Con una cuchilla<\/strong><\/p>\n\n\n\n<p>Fue en horas de la madrugada de hoy en barrio California, cuando los vecinos fueron despertados por los gritos de una mujer que ped\u00eda ayuda desesperada. La victima, de 22 a\u00f1os, estaba siendo atacada por su ex pareja, otro joven de 23 a\u00f1os, quien con un cuchillo de cocina de unos 15 cent\u00edmetros de largo la amenazaba de muerte y la atacaba. R\u00e1pidamente intervino la gente y se convoc\u00f3 a la polic\u00eda. Fue personal de la Comisar\u00eda San Nicol\u00e1s Segunda junto con efectivos del Comando de Patrulla San Nicol\u00e1s, quienes en calle Vigil procedieron a la aprehensi\u00f3n del agresor. Por suerte la victima solo result\u00f3 con lesiones de car\u00e1cter leve. <\/p>\n\n\n\n<p>Fuente: Diario El Norte<\/p>\n","protected":false},"excerpt":{"rendered":"<p>Un terrible episodio de violencia de g\u00e9nero tuvo lugar en barrio California cuando un sujeto atac\u00f3 a su ex pareja con una gran cuchilla de cocina, provoc\u00e1ndole heridas. Como venimos consignando de forma asidua en las p\u00e1ginas de El Norte, se siguen suscitando episodios de violencia familiar y entre vecinos, pero especialmente hechos de violencia [&hellip;]<\/p>\n","protected":false},"author":4,"featured_media":49035,"comment_status":"open","ping_status":"closed","sticky":false,"template":"","format":"standard","meta":{"om_disable_all_campaigns":false,"_jetpack_memberships_contains_paid_content":false,"footnotes":""},"categories":[621],"tags":[],"class_list":["post-49034","post","type-post","status-publish","format-standard","has-post-thumbnail","hentry","category-regionales"],"aioseo_notices":[],"gutentor_comment":0,"jetpack_featured_media_url":"https:\/\/eldiariodesanpedro.com.ar\/sitio\/wp-content\/uploads\/2019\/03\/0-4.jpg","jetpack_shortlink":"https:\/\/wp.me\/p6RhLt-cKS","jetpack_sharing_enabled":true,"_links":{"self":[{"href":"https:\/\/eldiariodesanpedro.com.ar\/sitio\/wp-json\/wp\/v2\/posts\/49034","targetHints":{"allow":["GET"]}}],"collection":[{"href":"https:\/\/eldiariodesanpedro.com.ar\/sitio\/wp-json\/wp\/v2\/posts"}],"about":[{"href":"https:\/\/eldiariodesanpedro.com.ar\/sitio\/wp-json\/wp\/v2\/types\/post"}],"author":[{"embeddable":true,"href":"https:\/\/eldiariodesanpedro.com.ar\/sitio\/wp-json\/wp\/v2\/users\/4"}],"replies":[{"embeddable":true,"href":"https:\/\/eldiariodesanpedro.com.ar\/sitio\/wp-json\/wp\/v2\/comments?post=49034"}],"version-history":[{"count":1,"href":"https:\/\/eldiariodesanpedro.com.ar\/sitio\/wp-json\/wp\/v2\/posts\/49034\/revisions"}],"predecessor-version":[{"id":49036,"href":"https:\/\/eldiariodesanpedro.com.ar\/sitio\/wp-json\/wp\/v2\/posts\/49034\/revisions\/49036"}],"wp:featuredmedia":[{"embeddable":true,"href":"https:\/\/eldiariodesanpedro.com.ar\/sitio\/wp-json\/wp\/v2\/media\/49035"}],"wp:attachment":[{"href":"https:\/\/eldiariodesanpedro.com.ar\/sitio\/wp-json\/wp\/v2\/media?parent=49034"}],"wp:term":[{"taxonomy":"category","embeddable":true,"href":"https:\/\/eldiariodesanpedro.com.ar\/sitio\/wp-json\/wp\/v2\/categories?post=49034"},{"taxonomy":"post_tag","embeddable":true,"href":"https:\/\/eldiariodesanpedro.com.ar\/sitio\/wp-json\/wp\/v2\/tags?post=49034"}],"curies":[{"name":"wp","href":"https:\/\/api.w.org\/{rel}","templated":true}]}}