{"id":49030,"date":"2019-03-15T10:10:20","date_gmt":"2019-03-15T13:10:20","guid":{"rendered":"https:\/\/eldiariodesanpedro.com.ar\/sitio\/?p=49030"},"modified":"2019-03-15T10:10:41","modified_gmt":"2019-03-15T13:10:41","slug":"arrecifes-detuvieron-a-una-mujer-que-intento-agredir-a-ritondo-en-arrecifes","status":"publish","type":"post","link":"https:\/\/eldiariodesanpedro.com.ar\/sitio\/arrecifes-detuvieron-a-una-mujer-que-intento-agredir-a-ritondo-en-arrecifes\/","title":{"rendered":"ARRECIFES: Detuvieron a una mujer que intent\u00f3 agredir a Ritondo en Arrecifes"},"content":{"rendered":"<!-- VideographyWP Plugin Message: Automatic video embedding prevented by plugin options. -->\n\n<p>Nuestra ciudad vuelve a ser noticia en medios nacionales, esta vez por un intento de atentado contra Cristian Ritondo en su visita de hoy a Arrecifes.<\/p>\n\n\n\n<p>Una mujer de 59 a\u00f1os fue detenida pasado el mediod\u00eda en Plaza Mitre cuando quiso acercarse al ministro de Seguridad bonaerense con la supuesta excusa de entregarle una nota.<\/p>\n\n\n\n<p>La detenida entr\u00f3 en crisis y atac\u00f3 a una polic\u00eda. Al revisar su bolso encontraron dos cuchillas y una cortaplumas.<\/p>\n\n\n\n<p>Fuentes policiales informaron que la mujer ser\u00eda la madre de un agente de la Bonaerense investigado en una causa por narcotr\u00e1fico.<\/p>\n\n\n\n<p>Tras intentar el contacto con el ministro, la mujer comenz\u00f3 a presentar un cuadro de crisis y le mordi\u00f3 una mano a un polic\u00eda, que sufri\u00f3 heridas.<\/p>\n\n\n\n<p>Ritondo ni se enter\u00f3 del hecho en el momento, ya que en un r\u00e1pido accionar los efectivos lograron controlar a la mujer cuando a\u00fan no se hab\u00eda acercado a \u00e9l.<\/p>\n\n\n\n<p>Fuente: Arrecifes Noticias<\/p>\n","protected":false},"excerpt":{"rendered":"<p>Nuestra ciudad vuelve a ser noticia en medios nacionales, esta vez por un intento de atentado contra Cristian Ritondo en su visita de hoy a Arrecifes. Una mujer de 59 a\u00f1os fue detenida pasado el mediod\u00eda en Plaza Mitre cuando quiso acercarse al ministro de Seguridad bonaerense con la supuesta excusa de entregarle una nota. [&hellip;]<\/p>\n","protected":false},"author":4,"featured_media":49031,"comment_status":"open","ping_status":"closed","sticky":false,"template":"","format":"standard","meta":{"om_disable_all_campaigns":false,"_jetpack_memberships_contains_paid_content":false,"footnotes":""},"categories":[621],"tags":[],"class_list":["post-49030","post","type-post","status-publish","format-standard","has-post-thumbnail","hentry","category-regionales"],"aioseo_notices":[],"gutentor_comment":0,"jetpack_featured_media_url":"https:\/\/eldiariodesanpedro.com.ar\/sitio\/wp-content\/uploads\/2019\/03\/Ritondo-Olaeta-3-704x510.jpg","jetpack_shortlink":"https:\/\/wp.me\/p6RhLt-cKO","jetpack_sharing_enabled":true,"_links":{"self":[{"href":"https:\/\/eldiariodesanpedro.com.ar\/sitio\/wp-json\/wp\/v2\/posts\/49030","targetHints":{"allow":["GET"]}}],"collection":[{"href":"https:\/\/eldiariodesanpedro.com.ar\/sitio\/wp-json\/wp\/v2\/posts"}],"about":[{"href":"https:\/\/eldiariodesanpedro.com.ar\/sitio\/wp-json\/wp\/v2\/types\/post"}],"author":[{"embeddable":true,"href":"https:\/\/eldiariodesanpedro.com.ar\/sitio\/wp-json\/wp\/v2\/users\/4"}],"replies":[{"embeddable":true,"href":"https:\/\/eldiariodesanpedro.com.ar\/sitio\/wp-json\/wp\/v2\/comments?post=49030"}],"version-history":[{"count":2,"href":"https:\/\/eldiariodesanpedro.com.ar\/sitio\/wp-json\/wp\/v2\/posts\/49030\/revisions"}],"predecessor-version":[{"id":49033,"href":"https:\/\/eldiariodesanpedro.com.ar\/sitio\/wp-json\/wp\/v2\/posts\/49030\/revisions\/49033"}],"wp:featuredmedia":[{"embeddable":true,"href":"https:\/\/eldiariodesanpedro.com.ar\/sitio\/wp-json\/wp\/v2\/media\/49031"}],"wp:attachment":[{"href":"https:\/\/eldiariodesanpedro.com.ar\/sitio\/wp-json\/wp\/v2\/media?parent=49030"}],"wp:term":[{"taxonomy":"category","embeddable":true,"href":"https:\/\/eldiariodesanpedro.com.ar\/sitio\/wp-json\/wp\/v2\/categories?post=49030"},{"taxonomy":"post_tag","embeddable":true,"href":"https:\/\/eldiariodesanpedro.com.ar\/sitio\/wp-json\/wp\/v2\/tags?post=49030"}],"curies":[{"name":"wp","href":"https:\/\/api.w.org\/{rel}","templated":true}]}}