{"id":49025,"date":"2019-03-15T09:01:50","date_gmt":"2019-03-15T12:01:50","guid":{"rendered":"https:\/\/eldiariodesanpedro.com.ar\/sitio\/?p=49025"},"modified":"2019-03-15T09:02:00","modified_gmt":"2019-03-15T12:02:00","slug":"fallecio-sebastian-el-joven-accidentado-trasladado-a-la-plata","status":"publish","type":"post","link":"https:\/\/eldiariodesanpedro.com.ar\/sitio\/fallecio-sebastian-el-joven-accidentado-trasladado-a-la-plata\/","title":{"rendered":"Falleci\u00f3 Sebastian, el joven accidentado trasladado a La Plata"},"content":{"rendered":"<!-- VideographyWP Plugin Message: Automatic video embedding prevented by plugin options. -->\n\n<p>Su deseso se produjo en el Hospital San Mart\u00edn, donde hab\u00eda sido derivado hace casi un mes atr\u00e1s cuando tuvo el accidente con su motocicleta.<\/p>\n\n\n\n<p>Sebastian Duza tenia 25 a\u00f1os de edad, hab\u00eda sufrido un terrible accidente en intersecci\u00f3n de las calles Anibal de Anton y Tres de Febrero, a ra\u00edz de sus lesiones fue trasladado en helic\u00f3ptero sanitario al Hospital San Mart\u00edn de la ciudad de La Plata.<\/p>\n\n\n\n<p>El hecho hab\u00eda sucedido  en las primeras horas de un domingo 17 de febrero, Duza conduc\u00eda una motocicleta Yamaha YTZ 125 y colisiona contra un Renault Clio en el que circulaba un joven de 19, quien resultauza con heridas leves.<\/p>\n\n\n\n<p>Este jueves se conoci\u00f3 la lamentable noticia del fallecimiento de Sebastian, su deseso se produjo luego de varias complicaciones en su internacion; hace unos d\u00edas atr\u00e1s ya hab\u00eda sufrido un parocardiorespiratorio, ademas tenia afectado el pulm\u00f3n y gravisimas lesiones en la cabeza. <\/p>\n","protected":false},"excerpt":{"rendered":"<p>Su deseso se produjo en el Hospital San Mart\u00edn, donde hab\u00eda sido derivado hace casi un mes atr\u00e1s cuando tuvo el accidente con su motocicleta. Sebastian Duza tenia 25 a\u00f1os de edad, hab\u00eda sufrido un terrible accidente en intersecci\u00f3n de las calles Anibal de Anton y Tres de Febrero, a ra\u00edz de sus lesiones fue [&hellip;]<\/p>\n","protected":false},"author":4,"featured_media":49027,"comment_status":"open","ping_status":"closed","sticky":false,"template":"","format":"standard","meta":{"om_disable_all_campaigns":false,"_jetpack_memberships_contains_paid_content":false,"footnotes":""},"categories":[50,2,103],"tags":[],"class_list":["post-49025","post","type-post","status-publish","format-standard","has-post-thumbnail","hentry","category-destacadas","category-locales","category-policiales-locales"],"aioseo_notices":[],"gutentor_comment":0,"jetpack_featured_media_url":"https:\/\/eldiariodesanpedro.com.ar\/sitio\/wp-content\/uploads\/2019\/03\/18425496_638208099707389_2093199441442778913_n.jpg","jetpack_shortlink":"https:\/\/wp.me\/p6RhLt-cKJ","jetpack_sharing_enabled":true,"_links":{"self":[{"href":"https:\/\/eldiariodesanpedro.com.ar\/sitio\/wp-json\/wp\/v2\/posts\/49025","targetHints":{"allow":["GET"]}}],"collection":[{"href":"https:\/\/eldiariodesanpedro.com.ar\/sitio\/wp-json\/wp\/v2\/posts"}],"about":[{"href":"https:\/\/eldiariodesanpedro.com.ar\/sitio\/wp-json\/wp\/v2\/types\/post"}],"author":[{"embeddable":true,"href":"https:\/\/eldiariodesanpedro.com.ar\/sitio\/wp-json\/wp\/v2\/users\/4"}],"replies":[{"embeddable":true,"href":"https:\/\/eldiariodesanpedro.com.ar\/sitio\/wp-json\/wp\/v2\/comments?post=49025"}],"version-history":[{"count":1,"href":"https:\/\/eldiariodesanpedro.com.ar\/sitio\/wp-json\/wp\/v2\/posts\/49025\/revisions"}],"predecessor-version":[{"id":49028,"href":"https:\/\/eldiariodesanpedro.com.ar\/sitio\/wp-json\/wp\/v2\/posts\/49025\/revisions\/49028"}],"wp:featuredmedia":[{"embeddable":true,"href":"https:\/\/eldiariodesanpedro.com.ar\/sitio\/wp-json\/wp\/v2\/media\/49027"}],"wp:attachment":[{"href":"https:\/\/eldiariodesanpedro.com.ar\/sitio\/wp-json\/wp\/v2\/media?parent=49025"}],"wp:term":[{"taxonomy":"category","embeddable":true,"href":"https:\/\/eldiariodesanpedro.com.ar\/sitio\/wp-json\/wp\/v2\/categories?post=49025"},{"taxonomy":"post_tag","embeddable":true,"href":"https:\/\/eldiariodesanpedro.com.ar\/sitio\/wp-json\/wp\/v2\/tags?post=49025"}],"curies":[{"name":"wp","href":"https:\/\/api.w.org\/{rel}","templated":true}]}}