{"id":48995,"date":"2019-03-14T12:02:28","date_gmt":"2019-03-14T15:02:28","guid":{"rendered":"https:\/\/eldiariodesanpedro.com.ar\/sitio\/?p=48995"},"modified":"2019-03-14T12:02:38","modified_gmt":"2019-03-14T15:02:38","slug":"el-viernes-15-anses-comienza-a-pagar-la-liquidacion-complementaria-de-la-asignacion-universal","status":"publish","type":"post","link":"https:\/\/eldiariodesanpedro.com.ar\/sitio\/el-viernes-15-anses-comienza-a-pagar-la-liquidacion-complementaria-de-la-asignacion-universal\/","title":{"rendered":"El viernes 15 ANSES comienza a pagar la liquidaci\u00f3n complementaria de la asignaci\u00f3n universal"},"content":{"rendered":"<!-- VideographyWP Plugin Message: Automatic video embedding prevented by plugin options. -->\n\n<p><em>En todo el pa\u00eds y a partir de ahora, m\u00e1s de 4 millones de ni\u00f1os, ni\u00f1as y adolescentes cobrar\u00e1n $2652 por mes.<\/em><\/p>\n\n\n\n<p>En el marco del Decreto 186\/2019 publicado hoy en el Bolet\u00edn Oficial, ANSES informa que el pr\u00f3ximo viernes 15 comienza a pagar el aumento del 46% de la Asignaci\u00f3n Universal por Hijo a trav\u00e9s de una liquidaci\u00f3n complementaria.<\/p>\n\n\n\n<p>En marzo el pago se har\u00e1 por separado, dado que el organismo ya hab\u00eda realizado la liquidaci\u00f3n del mes con la movilidad del primer aumento anual (11,83%).&nbsp;<\/p>\n\n\n\n<p>Por lo tanto, desde abril el monto total a percibir ser\u00e1 de $2652 en un \u00fanico pago mensual, seg\u00fan calendario habitual.<\/p>\n\n\n\n<p>La Asignaci\u00f3n Universal beneficia en forma directa a m\u00e1s de 4 millones de ni\u00f1os de 2,2 millones de familias en la Argentina.\u00a0<\/p>\n\n\n\n<figure class=\"wp-block-image\"><img decoding=\"async\" width=\"2084\" height=\"2343\" data-attachment-id=\"48996\" data-permalink=\"https:\/\/eldiariodesanpedro.com.ar\/sitio\/el-viernes-15-anses-comienza-a-pagar-la-liquidacion-complementaria-de-la-asignacion-universal\/thumb-2\/\" data-orig-file=\"https:\/\/eldiariodesanpedro.com.ar\/sitio\/wp-content\/uploads\/2019\/03\/thumb.jpg\" data-orig-size=\"2084,2343\" data-comments-opened=\"1\" data-image-meta=\"{&quot;aperture&quot;:&quot;0&quot;,&quot;credit&quot;:&quot;&quot;,&quot;camera&quot;:&quot;&quot;,&quot;caption&quot;:&quot;&quot;,&quot;created_timestamp&quot;:&quot;0&quot;,&quot;copyright&quot;:&quot;&quot;,&quot;focal_length&quot;:&quot;0&quot;,&quot;iso&quot;:&quot;0&quot;,&quot;shutter_speed&quot;:&quot;0&quot;,&quot;title&quot;:&quot;&quot;,&quot;orientation&quot;:&quot;0&quot;}\" data-image-title=\"thumb\" data-image-description=\"\" data-image-caption=\"\" data-large-file=\"https:\/\/eldiariodesanpedro.com.ar\/sitio\/wp-content\/uploads\/2019\/03\/thumb-911x1024.jpg\" data-src=\"https:\/\/i2.wp.com\/eldiariodesanpedro.com.ar\/sitio\/wp-content\/uploads\/2019\/03\/thumb.jpg?fit=660%2C742\" alt=\"\" class=\"wp-image-48996 lazyload\" data-srcset=\"https:\/\/eldiariodesanpedro.com.ar\/sitio\/wp-content\/uploads\/2019\/03\/thumb.jpg 2084w, https:\/\/eldiariodesanpedro.com.ar\/sitio\/wp-content\/uploads\/2019\/03\/thumb-267x300.jpg 267w, https:\/\/eldiariodesanpedro.com.ar\/sitio\/wp-content\/uploads\/2019\/03\/thumb-768x863.jpg 768w, https:\/\/eldiariodesanpedro.com.ar\/sitio\/wp-content\/uploads\/2019\/03\/thumb-911x1024.jpg 911w\" data-sizes=\"(max-width: 2084px) 100vw, 2084px\" src=\"data:image\/svg+xml;base64,PHN2ZyB3aWR0aD0iMSIgaGVpZ2h0PSIxIiB4bWxucz0iaHR0cDovL3d3dy53My5vcmcvMjAwMC9zdmciPjwvc3ZnPg==\" style=\"--smush-placeholder-width: 2084px; --smush-placeholder-aspect-ratio: 2084\/2343;\" \/><\/figure>\n","protected":false},"excerpt":{"rendered":"<p>En todo el pa\u00eds y a partir de ahora, m\u00e1s de 4 millones de ni\u00f1os, ni\u00f1as y adolescentes cobrar\u00e1n $2652 por mes. En el marco del Decreto 186\/2019 publicado hoy en el Bolet\u00edn Oficial, ANSES informa que el pr\u00f3ximo viernes 15 comienza a pagar el aumento del 46% de la Asignaci\u00f3n Universal por Hijo a [&hellip;]<\/p>\n","protected":false},"author":4,"featured_media":48997,"comment_status":"open","ping_status":"closed","sticky":false,"template":"","format":"standard","meta":{"om_disable_all_campaigns":false,"_jetpack_memberships_contains_paid_content":false,"footnotes":""},"categories":[101,2],"tags":[],"class_list":["post-48995","post","type-post","status-publish","format-standard","has-post-thumbnail","hentry","category-interes-general-locales","category-locales"],"aioseo_notices":[],"gutentor_comment":0,"jetpack_featured_media_url":"https:\/\/eldiariodesanpedro.com.ar\/sitio\/wp-content\/uploads\/2019\/03\/anses-45re1nva8o20.jpg","jetpack_shortlink":"https:\/\/wp.me\/p6RhLt-cKf","jetpack_sharing_enabled":true,"_links":{"self":[{"href":"https:\/\/eldiariodesanpedro.com.ar\/sitio\/wp-json\/wp\/v2\/posts\/48995","targetHints":{"allow":["GET"]}}],"collection":[{"href":"https:\/\/eldiariodesanpedro.com.ar\/sitio\/wp-json\/wp\/v2\/posts"}],"about":[{"href":"https:\/\/eldiariodesanpedro.com.ar\/sitio\/wp-json\/wp\/v2\/types\/post"}],"author":[{"embeddable":true,"href":"https:\/\/eldiariodesanpedro.com.ar\/sitio\/wp-json\/wp\/v2\/users\/4"}],"replies":[{"embeddable":true,"href":"https:\/\/eldiariodesanpedro.com.ar\/sitio\/wp-json\/wp\/v2\/comments?post=48995"}],"version-history":[{"count":1,"href":"https:\/\/eldiariodesanpedro.com.ar\/sitio\/wp-json\/wp\/v2\/posts\/48995\/revisions"}],"predecessor-version":[{"id":48998,"href":"https:\/\/eldiariodesanpedro.com.ar\/sitio\/wp-json\/wp\/v2\/posts\/48995\/revisions\/48998"}],"wp:featuredmedia":[{"embeddable":true,"href":"https:\/\/eldiariodesanpedro.com.ar\/sitio\/wp-json\/wp\/v2\/media\/48997"}],"wp:attachment":[{"href":"https:\/\/eldiariodesanpedro.com.ar\/sitio\/wp-json\/wp\/v2\/media?parent=48995"}],"wp:term":[{"taxonomy":"category","embeddable":true,"href":"https:\/\/eldiariodesanpedro.com.ar\/sitio\/wp-json\/wp\/v2\/categories?post=48995"},{"taxonomy":"post_tag","embeddable":true,"href":"https:\/\/eldiariodesanpedro.com.ar\/sitio\/wp-json\/wp\/v2\/tags?post=48995"}],"curies":[{"name":"wp","href":"https:\/\/api.w.org\/{rel}","templated":true}]}}