{"id":48994,"date":"2019-03-14T18:55:15","date_gmt":"2019-03-14T21:55:15","guid":{"rendered":"https:\/\/eldiariodesanpedro.com.ar\/sitio\/?p=48994"},"modified":"2019-03-14T19:20:42","modified_gmt":"2019-03-14T22:20:42","slug":"facundo-duarte-nadara-en-las-islas-malvinas","status":"publish","type":"post","link":"https:\/\/eldiariodesanpedro.com.ar\/sitio\/facundo-duarte-nadara-en-las-islas-malvinas\/","title":{"rendered":"Facundo Duarte nadar\u00e1 en las Islas Malvinas"},"content":{"rendered":"<!-- VideographyWP Plugin Message: Automatic video embedding prevented by plugin options. -->\n\n<p>El aventurero deportista sampedrino participar\u00e1 de un evento del 13 al 20 de abril donde nadar\u00e1 en el estrecho de San Carlos, en las Islas Malvinas.<br> \u201cYa en agosto del a\u00f1o pasado comenc\u00e9 hacer los tr\u00e1mites para este evento, con ciertos requisitos que nos piden en las islas, pero ya estamos cerca del acontecimiento\u201d, comenzaba en entrevista con este medio Facundo.<\/p>\n\n\n\n<p> El Guardavida, Profesor de Educaci\u00f3n F\u00edsica y guia de monta\u00f1a es un fan\u00e1tico de riesgos, disfruta mucho de la naturaleza y de conocer nuevas experiencias.<\/p>\n\n\n\n<p> En este caso competir\u00e1 con un grupo de 8 personas, todos argentinos y cuenta que \u201cuno cuando fue chico, con el conflicto de las islas, quien no escribi\u00f3 su carta a los soldados, y dentro de nuestro humilde lugar hacerles nuestro peque\u00f1o homenaje a todas las personas que estuvieron all\u00ed, es parte de mi objetivo\u201d.<\/p>\n\n\n\n<p> En el a\u00f1o 2015 nado en aguas muy fr\u00edas en el Glaciar Perito Moreno a 1,8 grados bajo cero y en el 2016 se propuso hacer el cruce del Canal de Beagle., despu\u00e9s fue aventurando en distintos puntos del pa\u00eds como en un lago de la provincia de La Rioja con m\u00e1s de 5 mil metros de profundidad, en 2017 en R\u00edo Negro, donde ya su cuerpo iba tornando acostumbrarse a las temperaturas bajas porque como nos dijo Facundo \u201cnadamos sin ning\u00fan tipo de protecci\u00f3n t\u00e9rmica, nadamos en pelo dir\u00edamos, el desafi\u00f3 es ese pero tenemos una preparaci\u00f3n anterior a esto psicol\u00f3gica y adem\u00e1s uno sabe a que se va a someter, el cuerpo despu\u00e9s reacciona si la mente est\u00e1 decidida primero, hay gente que nos cuida, gente de seguridad y guardavidas al lado nuestro\u201d.<\/p>\n\n\n\n<p> \u201cMe entrene ac\u00e1 en distancia, tiempo y permanencia en el agua, hay mucha diferencia de temperatura, cuando decid\u00ed viajar al perito bueno se hace una especie de climatizaci\u00f3n para ver si el cuerpo resiste, yo lo tolere, depende de cada persona, la \u00fanica protecci\u00f3n que uso es dos gorras de latex y tapones de silicona en el o\u00eddo\u201d.<\/p>\n\n\n\n<p> \u201cEsto es mio, pero lo puede hacer cualquier persona, yo no me considero un profesional\u201d.<\/p>\n\n\n\n<p><br> Cesar Cejas est\u00e1 realizando un evento solidario para poder ayudar al deportista econ\u00f3micamente \u201cC\u00e9sar es un amigo, quiere hacer un evento cultural de m\u00fasica pero no tiene lugar, cualquier persona que cuente con un lugar as\u00ed bienvenido sea, los costos son muy elevados, en valor dolar, a mi me ayudar\u00eda mucho\u201d, culmina la nota.<\/p>\n\n\n\n<p><br> \u201cEsto es mio, pero lo puede hacer cualquier persona, yo no me considero un profesional\u201d-<\/p>\n\n\n\n<p><br> Cesar Cejas est\u00e1 realizando un evento solidario para poder ayudar al deportista econ\u00f3micamente \u201cC\u00e9sar es un amigo, quiere hacer un evento cultural de m\u00fasica pero no tiene lugar, cualquier persona que cuente con un lugar as\u00ed bienvenido sea, los costos son muy elevados, en valor dolar, a mi me ayudar\u00eda mucho\u201d, culmina la nota.<\/p>\n\n\n\n<figure class=\"wp-block-image is-resized\"><img decoding=\"async\" data-attachment-id=\"49003\" data-permalink=\"https:\/\/eldiariodesanpedro.com.ar\/sitio\/facundo-duarte-nadara-en-las-islas-malvinas\/249140_466862533399249_688221765_n\/\" data-orig-file=\"https:\/\/eldiariodesanpedro.com.ar\/sitio\/wp-content\/uploads\/2019\/03\/249140_466862533399249_688221765_n.jpg\" data-orig-size=\"432,531\" data-comments-opened=\"1\" data-image-meta=\"{&quot;aperture&quot;:&quot;0&quot;,&quot;credit&quot;:&quot;&quot;,&quot;camera&quot;:&quot;&quot;,&quot;caption&quot;:&quot;&quot;,&quot;created_timestamp&quot;:&quot;0&quot;,&quot;copyright&quot;:&quot;&quot;,&quot;focal_length&quot;:&quot;0&quot;,&quot;iso&quot;:&quot;0&quot;,&quot;shutter_speed&quot;:&quot;0&quot;,&quot;title&quot;:&quot;&quot;,&quot;orientation&quot;:&quot;0&quot;}\" data-image-title=\"249140_466862533399249_688221765_n\" data-image-description=\"\" data-image-caption=\"\" data-large-file=\"https:\/\/eldiariodesanpedro.com.ar\/sitio\/wp-content\/uploads\/2019\/03\/249140_466862533399249_688221765_n.jpg\" data-src=\"https:\/\/eldiariodesanpedro.com.ar\/sitio\/wp-content\/uploads\/2019\/03\/249140_466862533399249_688221765_n.jpg\" alt=\"\" class=\"wp-image-49003 lazyload\" width=\"576\" height=\"708\" data-srcset=\"https:\/\/eldiariodesanpedro.com.ar\/sitio\/wp-content\/uploads\/2019\/03\/249140_466862533399249_688221765_n.jpg 432w, https:\/\/eldiariodesanpedro.com.ar\/sitio\/wp-content\/uploads\/2019\/03\/249140_466862533399249_688221765_n-244x300.jpg 244w\" data-sizes=\"(max-width: 576px) 100vw, 576px\" src=\"data:image\/svg+xml;base64,PHN2ZyB3aWR0aD0iMSIgaGVpZ2h0PSIxIiB4bWxucz0iaHR0cDovL3d3dy53My5vcmcvMjAwMC9zdmciPjwvc3ZnPg==\" style=\"--smush-placeholder-width: 576px; --smush-placeholder-aspect-ratio: 576\/708;\" \/><\/figure>\n","protected":false},"excerpt":{"rendered":"<p>El aventurero deportista sampedrino participar\u00e1 de un evento del 13 al 20 de abril donde nadar\u00e1 en el estrecho de San Carlos, en las Islas Malvinas. \u201cYa en agosto del a\u00f1o pasado comenc\u00e9 hacer los tr\u00e1mites para este evento, con ciertos requisitos que nos piden en las islas, pero ya estamos cerca del acontecimiento\u201d, comenzaba [&hellip;]<\/p>\n","protected":false},"author":4,"featured_media":49006,"comment_status":"open","ping_status":"closed","sticky":false,"template":"","format":"standard","meta":{"om_disable_all_campaigns":false,"_jetpack_memberships_contains_paid_content":false,"footnotes":""},"categories":[101,2],"tags":[],"class_list":["post-48994","post","type-post","status-publish","format-standard","has-post-thumbnail","hentry","category-interes-general-locales","category-locales"],"aioseo_notices":[],"gutentor_comment":0,"jetpack_featured_media_url":"https:\/\/eldiariodesanpedro.com.ar\/sitio\/wp-content\/uploads\/2019\/03\/20190314_110932-e1552600664430.jpg","jetpack_shortlink":"https:\/\/wp.me\/p6RhLt-cKe","jetpack_sharing_enabled":true,"_links":{"self":[{"href":"https:\/\/eldiariodesanpedro.com.ar\/sitio\/wp-json\/wp\/v2\/posts\/48994","targetHints":{"allow":["GET"]}}],"collection":[{"href":"https:\/\/eldiariodesanpedro.com.ar\/sitio\/wp-json\/wp\/v2\/posts"}],"about":[{"href":"https:\/\/eldiariodesanpedro.com.ar\/sitio\/wp-json\/wp\/v2\/types\/post"}],"author":[{"embeddable":true,"href":"https:\/\/eldiariodesanpedro.com.ar\/sitio\/wp-json\/wp\/v2\/users\/4"}],"replies":[{"embeddable":true,"href":"https:\/\/eldiariodesanpedro.com.ar\/sitio\/wp-json\/wp\/v2\/comments?post=48994"}],"version-history":[{"count":5,"href":"https:\/\/eldiariodesanpedro.com.ar\/sitio\/wp-json\/wp\/v2\/posts\/48994\/revisions"}],"predecessor-version":[{"id":49009,"href":"https:\/\/eldiariodesanpedro.com.ar\/sitio\/wp-json\/wp\/v2\/posts\/48994\/revisions\/49009"}],"wp:featuredmedia":[{"embeddable":true,"href":"https:\/\/eldiariodesanpedro.com.ar\/sitio\/wp-json\/wp\/v2\/media\/49006"}],"wp:attachment":[{"href":"https:\/\/eldiariodesanpedro.com.ar\/sitio\/wp-json\/wp\/v2\/media?parent=48994"}],"wp:term":[{"taxonomy":"category","embeddable":true,"href":"https:\/\/eldiariodesanpedro.com.ar\/sitio\/wp-json\/wp\/v2\/categories?post=48994"},{"taxonomy":"post_tag","embeddable":true,"href":"https:\/\/eldiariodesanpedro.com.ar\/sitio\/wp-json\/wp\/v2\/tags?post=48994"}],"curies":[{"name":"wp","href":"https:\/\/api.w.org\/{rel}","templated":true}]}}