{"id":48988,"date":"2019-03-14T11:32:21","date_gmt":"2019-03-14T14:32:21","guid":{"rendered":"https:\/\/eldiariodesanpedro.com.ar\/sitio\/?p=48988"},"modified":"2019-03-14T12:46:47","modified_gmt":"2019-03-14T15:46:47","slug":"delincuentes-ingresaron-a-un-despensa-y-se-llevaron-casi-todo","status":"publish","type":"post","link":"https:\/\/eldiariodesanpedro.com.ar\/sitio\/delincuentes-ingresaron-a-un-despensa-y-se-llevaron-casi-todo\/","title":{"rendered":"Delincuentes ingresaron a un despensa y se llevaron casi todo"},"content":{"rendered":"<!-- VideographyWP Plugin Message: Automatic video embedding prevented by plugin options. -->\n\n<p>Varios hechos delictivos ocurrieron durantes horas de la madrugada en en nuestra ciudad que son denunciados en la dependencia policial y no son informados a trav\u00e9s de parte policial a los medios de comunicacion.<\/p>\n\n\n\n<p>Este mi\u00e9rcoles en horas de la madrugada ocurri\u00f3 un grave hecho delictivo donde autores ignorados ingresaron a una humilde despensa ubicada en calle Fray del Pozo al 300 en el garage del domicilio cuando su propietaria de alrededor de  20 a\u00f1os de edad se encontraba durmiendo en la habitacion de la misma casa. <\/p>\n\n\n\n<p>Los delincuentes ingresaron y revisaron todo la despensa llev\u00e1ndose la mayor\u00eda de la mercader\u00eda dej\u00e1ndola completamente vac\u00eda, solo con los muebles.<\/p>\n\n\n\n<p>A trav\u00e9s de las redes sociales la joven public\u00f3 \u00abDespu\u00e9s de un a\u00f1o de mucho esfuerzo y sacrificio con esa imagen y con l\u00e1grimas en los ojos cierro las puertas  y me rindo, no se si algun dia volvere a tenerte pero fue una muy linda experiencia. A las personas que hicieron el da\u00f1o no les deseo nada solo se que en la vida todo vuelve\u00bb.    <br><\/p>\n\n\n\n<p>Adem\u00e1s tambi\u00e9n en horas de la madrugada del martes ingresaron a un domicilio donde no se encontraban moradores, llev\u00e1ndose varios elementos de valor.<\/p>\n\n\n\n<p>Ambos il\u00edcitos fueron denunciados en la comisar\u00eda como tantos otros que la dependencia local normalmente informa a los medios de comunicacion a trav\u00e9s de un parte oficial, en estos \u00faltimos d\u00edas estas informaciones entre otras han sido omitidas. <\/p>\n\n\n\n<figure class=\"wp-block-image\"><img decoding=\"async\" width=\"575\" height=\"1024\" data-attachment-id=\"48989\" data-permalink=\"https:\/\/eldiariodesanpedro.com.ar\/sitio\/delincuentes-ingresaron-a-un-despensa-y-se-llevaron-casi-todo\/whatsapp-image-2019-03-14-at-11-18-351\/\" data-orig-file=\"https:\/\/eldiariodesanpedro.com.ar\/sitio\/wp-content\/uploads\/2019\/03\/WhatsApp-Image-2019-03-14-at-11.18.351.jpeg\" data-orig-size=\"584,1040\" data-comments-opened=\"1\" data-image-meta=\"{&quot;aperture&quot;:&quot;0&quot;,&quot;credit&quot;:&quot;&quot;,&quot;camera&quot;:&quot;&quot;,&quot;caption&quot;:&quot;&quot;,&quot;created_timestamp&quot;:&quot;0&quot;,&quot;copyright&quot;:&quot;&quot;,&quot;focal_length&quot;:&quot;0&quot;,&quot;iso&quot;:&quot;0&quot;,&quot;shutter_speed&quot;:&quot;0&quot;,&quot;title&quot;:&quot;&quot;,&quot;orientation&quot;:&quot;0&quot;}\" data-image-title=\"WhatsApp Image 2019-03-14 at 11.18.35(1)\" data-image-description=\"\" data-image-caption=\"\" data-large-file=\"https:\/\/eldiariodesanpedro.com.ar\/sitio\/wp-content\/uploads\/2019\/03\/WhatsApp-Image-2019-03-14-at-11.18.351-575x1024.jpeg\" data-src=\"https:\/\/eldiariodesanpedro.com.ar\/sitio\/wp-content\/uploads\/2019\/03\/WhatsApp-Image-2019-03-14-at-11.18.351-575x1024.jpeg\" alt=\"\" class=\"wp-image-48989 lazyload\" data-srcset=\"https:\/\/eldiariodesanpedro.com.ar\/sitio\/wp-content\/uploads\/2019\/03\/WhatsApp-Image-2019-03-14-at-11.18.351-575x1024.jpeg 575w, https:\/\/eldiariodesanpedro.com.ar\/sitio\/wp-content\/uploads\/2019\/03\/WhatsApp-Image-2019-03-14-at-11.18.351-168x300.jpeg 168w, https:\/\/eldiariodesanpedro.com.ar\/sitio\/wp-content\/uploads\/2019\/03\/WhatsApp-Image-2019-03-14-at-11.18.351.jpeg 584w\" data-sizes=\"(max-width: 575px) 100vw, 575px\" src=\"data:image\/svg+xml;base64,PHN2ZyB3aWR0aD0iMSIgaGVpZ2h0PSIxIiB4bWxucz0iaHR0cDovL3d3dy53My5vcmcvMjAwMC9zdmciPjwvc3ZnPg==\" style=\"--smush-placeholder-width: 575px; --smush-placeholder-aspect-ratio: 575\/1024;\" \/><\/figure>\n","protected":false},"excerpt":{"rendered":"<p>Varios hechos delictivos ocurrieron durantes horas de la madrugada en en nuestra ciudad que son denunciados en la dependencia policial y no son informados a trav\u00e9s de parte policial a los medios de comunicacion. Este mi\u00e9rcoles en horas de la madrugada ocurri\u00f3 un grave hecho delictivo donde autores ignorados ingresaron a una humilde despensa ubicada [&hellip;]<\/p>\n","protected":false},"author":4,"featured_media":48990,"comment_status":"open","ping_status":"closed","sticky":false,"template":"","format":"standard","meta":{"om_disable_all_campaigns":false,"_jetpack_memberships_contains_paid_content":false,"footnotes":""},"categories":[50,2,103],"tags":[],"class_list":["post-48988","post","type-post","status-publish","format-standard","has-post-thumbnail","hentry","category-destacadas","category-locales","category-policiales-locales"],"aioseo_notices":[],"gutentor_comment":0,"jetpack_featured_media_url":"https:\/\/eldiariodesanpedro.com.ar\/sitio\/wp-content\/uploads\/2019\/03\/WhatsApp-Image-2019-03-14-at-11.18.35.jpeg","jetpack_shortlink":"https:\/\/wp.me\/p6RhLt-cK8","jetpack_sharing_enabled":true,"_links":{"self":[{"href":"https:\/\/eldiariodesanpedro.com.ar\/sitio\/wp-json\/wp\/v2\/posts\/48988","targetHints":{"allow":["GET"]}}],"collection":[{"href":"https:\/\/eldiariodesanpedro.com.ar\/sitio\/wp-json\/wp\/v2\/posts"}],"about":[{"href":"https:\/\/eldiariodesanpedro.com.ar\/sitio\/wp-json\/wp\/v2\/types\/post"}],"author":[{"embeddable":true,"href":"https:\/\/eldiariodesanpedro.com.ar\/sitio\/wp-json\/wp\/v2\/users\/4"}],"replies":[{"embeddable":true,"href":"https:\/\/eldiariodesanpedro.com.ar\/sitio\/wp-json\/wp\/v2\/comments?post=48988"}],"version-history":[{"count":2,"href":"https:\/\/eldiariodesanpedro.com.ar\/sitio\/wp-json\/wp\/v2\/posts\/48988\/revisions"}],"predecessor-version":[{"id":49001,"href":"https:\/\/eldiariodesanpedro.com.ar\/sitio\/wp-json\/wp\/v2\/posts\/48988\/revisions\/49001"}],"wp:featuredmedia":[{"embeddable":true,"href":"https:\/\/eldiariodesanpedro.com.ar\/sitio\/wp-json\/wp\/v2\/media\/48990"}],"wp:attachment":[{"href":"https:\/\/eldiariodesanpedro.com.ar\/sitio\/wp-json\/wp\/v2\/media?parent=48988"}],"wp:term":[{"taxonomy":"category","embeddable":true,"href":"https:\/\/eldiariodesanpedro.com.ar\/sitio\/wp-json\/wp\/v2\/categories?post=48988"},{"taxonomy":"post_tag","embeddable":true,"href":"https:\/\/eldiariodesanpedro.com.ar\/sitio\/wp-json\/wp\/v2\/tags?post=48988"}],"curies":[{"name":"wp","href":"https:\/\/api.w.org\/{rel}","templated":true}]}}