{"id":48984,"date":"2019-03-14T10:45:07","date_gmt":"2019-03-14T13:45:07","guid":{"rendered":"https:\/\/eldiariodesanpedro.com.ar\/sitio\/?p=48984"},"modified":"2019-03-14T10:45:28","modified_gmt":"2019-03-14T13:45:28","slug":"campana-cambiemos-toma-por-tontos-a-los-vecinos-anunciando-que-aumentara-el-gas-despues-de-las-elecciones","status":"publish","type":"post","link":"https:\/\/eldiariodesanpedro.com.ar\/sitio\/campana-cambiemos-toma-por-tontos-a-los-vecinos-anunciando-que-aumentara-el-gas-despues-de-las-elecciones\/","title":{"rendered":"CAMPANA: \u201cCambiemos toma por tontos a los vecinos anunciando que aumentar\u00e1 el gas despu\u00e9s de las elecciones\u201d"},"content":{"rendered":"<!-- VideographyWP Plugin Message: Automatic video embedding prevented by plugin options. -->\n\n<p>El principal referente del frente opositor, Rub\u00e9n Romano, se mostr\u00f3 preocupado por las consecuencias que tendr\u00e1 en los usuarios el incremento del 30% en el servicio anunciado por el Gobierno, y lament\u00f3 que \u201cel Intendente prefiera defender los intereses de sus socios pol\u00edticos en lugar de ponerse al lado de los vecinos\u201d.<\/p>\n\n\n\n<p>Para amortiguar el impacto del tarifazo del gas en los meses previos a las elecciones, el Gobierno anunci\u00f3 que diferir\u00e1 el pago del 20% en las facturas de mayo a septiembre. Pero lejos de ser un descuento, el aumento se pagar\u00e1 a partir del pr\u00f3ximo verano.<\/p>\n\n\n\n<p><em>\u201cCambiemos toma por tontos a los vecinos anunciando que aumentar\u00e1 el gas despu\u00e9s de las elecciones\u201d<\/em>&nbsp;asegur\u00f3 el principal referente del frente opositor, Rub\u00e9n Romano, quien a su vez se mostr\u00f3 preocupado por las consecuencias que tendr\u00e1 en los usuarios el incremento del 30% (como m\u00ednimo) en el servicio anunciado por el Gobierno.<\/p>\n\n\n\n<p><em>\u201cHay vecinos que se han dado de baja del servicio por no poder pagarlo, y volvieron a la garrafa. Es lamentable lo que est\u00e1 pasando. Los argentinos somos nuevamente castigados con otro aumento, por la voluntad de un Gobierno que tom\u00f3 cada una de las medidas econ\u00f3micas pensando en las empresas, en los bolsillos propios y en los de sus amigos, en lugar de hacerlo en funci\u00f3n de las necesidades de la gente\u201d<\/em>&nbsp;dijo el concejal.<\/p>\n\n\n\n<p>Y llev\u00f3 la discusi\u00f3n al terreno local.\u00a0<em>\u201cLamentablemente los vecinos no tienen representaci\u00f3n alguna por parte del Municipio. No hay una sola medida desde lo local que busque ayudar a particulares, instituciones y organizaciones civiles ante esta situaci\u00f3n. Ni siquiera los funcionarios macristas, con el Intendente a la cabeza, se han expresado en solidaridad con los usuarios. Y no se puede ocultar ni maquillar la realidad de cada vecino. Es triste que el Intendente prefiera defender los intereses de sus socios pol\u00edticos en lugar de ponerse al lado de los vecinos\u201d<\/em>\u00a0concluy\u00f3.<\/p>\n\n\n\n<p>Fuente: Enlace Critico<\/p>\n","protected":false},"excerpt":{"rendered":"<p>El principal referente del frente opositor, Rub\u00e9n Romano, se mostr\u00f3 preocupado por las consecuencias que tendr\u00e1 en los usuarios el incremento del 30% en el servicio anunciado por el Gobierno, y lament\u00f3 que \u201cel Intendente prefiera defender los intereses de sus socios pol\u00edticos en lugar de ponerse al lado de los vecinos\u201d. Para amortiguar el [&hellip;]<\/p>\n","protected":false},"author":4,"featured_media":48985,"comment_status":"open","ping_status":"closed","sticky":false,"template":"","format":"standard","meta":{"om_disable_all_campaigns":false,"_jetpack_memberships_contains_paid_content":false,"footnotes":""},"categories":[621],"tags":[],"class_list":["post-48984","post","type-post","status-publish","format-standard","has-post-thumbnail","hentry","category-regionales"],"aioseo_notices":[],"gutentor_comment":0,"jetpack_featured_media_url":"https:\/\/eldiariodesanpedro.com.ar\/sitio\/wp-content\/uploads\/2019\/03\/IMG_20190313_224348.jpg","jetpack_shortlink":"https:\/\/wp.me\/p6RhLt-cK4","jetpack_sharing_enabled":true,"_links":{"self":[{"href":"https:\/\/eldiariodesanpedro.com.ar\/sitio\/wp-json\/wp\/v2\/posts\/48984","targetHints":{"allow":["GET"]}}],"collection":[{"href":"https:\/\/eldiariodesanpedro.com.ar\/sitio\/wp-json\/wp\/v2\/posts"}],"about":[{"href":"https:\/\/eldiariodesanpedro.com.ar\/sitio\/wp-json\/wp\/v2\/types\/post"}],"author":[{"embeddable":true,"href":"https:\/\/eldiariodesanpedro.com.ar\/sitio\/wp-json\/wp\/v2\/users\/4"}],"replies":[{"embeddable":true,"href":"https:\/\/eldiariodesanpedro.com.ar\/sitio\/wp-json\/wp\/v2\/comments?post=48984"}],"version-history":[{"count":2,"href":"https:\/\/eldiariodesanpedro.com.ar\/sitio\/wp-json\/wp\/v2\/posts\/48984\/revisions"}],"predecessor-version":[{"id":48987,"href":"https:\/\/eldiariodesanpedro.com.ar\/sitio\/wp-json\/wp\/v2\/posts\/48984\/revisions\/48987"}],"wp:featuredmedia":[{"embeddable":true,"href":"https:\/\/eldiariodesanpedro.com.ar\/sitio\/wp-json\/wp\/v2\/media\/48985"}],"wp:attachment":[{"href":"https:\/\/eldiariodesanpedro.com.ar\/sitio\/wp-json\/wp\/v2\/media?parent=48984"}],"wp:term":[{"taxonomy":"category","embeddable":true,"href":"https:\/\/eldiariodesanpedro.com.ar\/sitio\/wp-json\/wp\/v2\/categories?post=48984"},{"taxonomy":"post_tag","embeddable":true,"href":"https:\/\/eldiariodesanpedro.com.ar\/sitio\/wp-json\/wp\/v2\/tags?post=48984"}],"curies":[{"name":"wp","href":"https:\/\/api.w.org\/{rel}","templated":true}]}}