{"id":48981,"date":"2019-03-14T10:43:22","date_gmt":"2019-03-14T13:43:22","guid":{"rendered":"https:\/\/eldiariodesanpedro.com.ar\/sitio\/?p=48981"},"modified":"2019-03-14T10:43:32","modified_gmt":"2019-03-14T13:43:32","slug":"zarate-toyota-no-planea-aplicar-ajustes-ni-suspensiones-en-su-planta-de-zarate","status":"publish","type":"post","link":"https:\/\/eldiariodesanpedro.com.ar\/sitio\/zarate-toyota-no-planea-aplicar-ajustes-ni-suspensiones-en-su-planta-de-zarate\/","title":{"rendered":"ZARATE: Toyota no planea aplicar ajustes ni suspensiones en su planta de Z\u00e1rate"},"content":{"rendered":"<!-- VideographyWP Plugin Message: Automatic video embedding prevented by plugin options. -->\n\n<p>En medio de la crisis que atraviesa la industria automotriz argentina, el presidente de Toyota Argentina, Daniel Herrero, sali\u00f3 a aclarar que su compa\u00f1\u00eda no planea aplicar ajustes en su planta de Z\u00e1rate.<\/p>\n\n\n\n<p><em>\u201cEntendemos que no es culpa del trabajador la situaci\u00f3n econ\u00f3mica, es responsabilidad de uno (como director de la empresa) buscar los medios para superarla\u201d,<\/em>&nbsp;explic\u00f3 Herrero, ante la consulta de por qu\u00e9 la empresa no hab\u00eda suspendido personal, como hizo la gran mayor\u00eda de terminales automotrices.<\/p>\n\n\n\n<p><em>\u201cEs una filosof\u00eda de la empresa, hablamos con el sindicato (Smata) todos estos a\u00f1os sobre c\u00f3mo hacer un proyecto sustentable, que no dependiera de un solo mercado en particular, sea el argentino o el brasile\u00f1o. Planificamos una producci\u00f3n que tiene competitividad global y hoy nos permite exportar el 75 por ciento de lo que fabricamos en Argentina\u201d,<\/em>&nbsp;explic\u00f3 el ejecutivo de la terminal japonesa.<\/p>\n\n\n\n<p>Durante una entrevista con Radio del Plata, Herrero explic\u00f3 que<em>&nbsp;\u201cen el primer semestre del a\u00f1o pasado camin\u00e1bamos a un mercado local de un mill\u00f3n de autos, y cuando vemos las ventas de febrero de este a\u00f1o, vamos hacia un mercado de 600 mil unidades; es una ca\u00edda grande que, indudablemente, le pega a la producci\u00f3n interna\u201d.<\/em><\/p>\n\n\n\n<p>Sin embargo, consider\u00f3 que<em>&nbsp;\u201cal exportar el 75 por ciento de la producci\u00f3n, nosotros podemos absorber este golpe tan grande, sustituyendo la demanda local con env\u00edos a otros mercados de Latinoam\u00e9rica. Si dependi\u00e9ramos s\u00f3lo del mercado argentino, quiz\u00e1s estar\u00edamos en la misma situaci\u00f3n que el resto de las terminales\u201d.<\/em><\/p>\n\n\n\n<p><em>\u201cCuando impulsamos este proyecto de competitividad global, nos dimos cuenta que nuestra competencia no era ninguna de las f\u00e1bricas de autos de Argentina, sino Toyota de Tailandia o Toyota de Jap\u00f3n, que quieren venderle nuestros mismos productos a Am\u00e9rica Latina; y la \u00fanica manera de defender esos mercados para nuestra f\u00e1brica, era ser igual de competitivos que Tailandia\u201d,<\/em>&nbsp;concluy\u00f3.<\/p>\n\n\n\n<p><strong><em>Fuente: autoblog<\/em><\/strong><\/p>\n","protected":false},"excerpt":{"rendered":"<p>En medio de la crisis que atraviesa la industria automotriz argentina, el presidente de Toyota Argentina, Daniel Herrero, sali\u00f3 a aclarar que su compa\u00f1\u00eda no planea aplicar ajustes en su planta de Z\u00e1rate. \u201cEntendemos que no es culpa del trabajador la situaci\u00f3n econ\u00f3mica, es responsabilidad de uno (como director de la empresa) buscar los medios [&hellip;]<\/p>\n","protected":false},"author":4,"featured_media":48982,"comment_status":"open","ping_status":"closed","sticky":false,"template":"","format":"standard","meta":{"om_disable_all_campaigns":false,"_jetpack_memberships_contains_paid_content":false,"footnotes":""},"categories":[621],"tags":[],"class_list":["post-48981","post","type-post","status-publish","format-standard","has-post-thumbnail","hentry","category-regionales"],"aioseo_notices":[],"gutentor_comment":0,"jetpack_featured_media_url":"https:\/\/eldiariodesanpedro.com.ar\/sitio\/wp-content\/uploads\/2019\/03\/Herrero.jpg","jetpack_shortlink":"https:\/\/wp.me\/p6RhLt-cK1","jetpack_sharing_enabled":true,"_links":{"self":[{"href":"https:\/\/eldiariodesanpedro.com.ar\/sitio\/wp-json\/wp\/v2\/posts\/48981","targetHints":{"allow":["GET"]}}],"collection":[{"href":"https:\/\/eldiariodesanpedro.com.ar\/sitio\/wp-json\/wp\/v2\/posts"}],"about":[{"href":"https:\/\/eldiariodesanpedro.com.ar\/sitio\/wp-json\/wp\/v2\/types\/post"}],"author":[{"embeddable":true,"href":"https:\/\/eldiariodesanpedro.com.ar\/sitio\/wp-json\/wp\/v2\/users\/4"}],"replies":[{"embeddable":true,"href":"https:\/\/eldiariodesanpedro.com.ar\/sitio\/wp-json\/wp\/v2\/comments?post=48981"}],"version-history":[{"count":1,"href":"https:\/\/eldiariodesanpedro.com.ar\/sitio\/wp-json\/wp\/v2\/posts\/48981\/revisions"}],"predecessor-version":[{"id":48983,"href":"https:\/\/eldiariodesanpedro.com.ar\/sitio\/wp-json\/wp\/v2\/posts\/48981\/revisions\/48983"}],"wp:featuredmedia":[{"embeddable":true,"href":"https:\/\/eldiariodesanpedro.com.ar\/sitio\/wp-json\/wp\/v2\/media\/48982"}],"wp:attachment":[{"href":"https:\/\/eldiariodesanpedro.com.ar\/sitio\/wp-json\/wp\/v2\/media?parent=48981"}],"wp:term":[{"taxonomy":"category","embeddable":true,"href":"https:\/\/eldiariodesanpedro.com.ar\/sitio\/wp-json\/wp\/v2\/categories?post=48981"},{"taxonomy":"post_tag","embeddable":true,"href":"https:\/\/eldiariodesanpedro.com.ar\/sitio\/wp-json\/wp\/v2\/tags?post=48981"}],"curies":[{"name":"wp","href":"https:\/\/api.w.org\/{rel}","templated":true}]}}