{"id":48978,"date":"2019-03-14T10:40:11","date_gmt":"2019-03-14T13:40:11","guid":{"rendered":"https:\/\/eldiariodesanpedro.com.ar\/sitio\/?p=48978"},"modified":"2019-03-14T10:40:22","modified_gmt":"2019-03-14T13:40:22","slug":"baradero-se-despertaron-con-un-delincuente-al-lado-de-su-cama","status":"publish","type":"post","link":"https:\/\/eldiariodesanpedro.com.ar\/sitio\/baradero-se-despertaron-con-un-delincuente-al-lado-de-su-cama\/","title":{"rendered":"BARADERO: Se despertaron con un delincuente al lado de su cama"},"content":{"rendered":"<!-- VideographyWP Plugin Message: Automatic video embedding prevented by plugin options. -->\n\n<p>Una familia domiciliada en Bulnes 269 vivi\u00f3 un hecho que adem\u00e1s del susto, los llen\u00f3 de bronca.<\/p>\n\n\n\n<p>En la madrugada, mientras la pareja dorm\u00eda con su peque\u00f1o hijo de tres a\u00f1os, se despertaron alertados por ruidos y se encontraron con un encapuchado adentro de su pieza.<\/p>\n\n\n\n<p>El propietario de la vivienda insult\u00f3 al delincuente que comenzaba a escapar y al llegar a la planta baja se encuentra con el televisor y una consola de juegos preparada para robarla.<\/p>\n\n\n\n<p>Aparentemente buscaban la forma de abrir la puerta principal de la casa para llevarse los elementos robados.<\/p>\n\n\n\n<p>Junto a otros familiares salieron a recorrer el barrio hasta que dieron con los delincuentes cerca del colegio Fray Luis de Bola\u00f1os. Uno de ellos escap\u00f3 y el otro, que fue reconocido por el propietario de la vivienda como el que estaba en la pieza cuando despert\u00f3, fue retenido hasta que lleg\u00f3 la polic\u00eda.<\/p>\n\n\n\n<p>Seg\u00fan las propias victimas relataron, el delincuente es conocido por el apodo de \u201cChuki\u201d.<\/p>\n\n\n\n<p>Teniendo en cuenta como se dieron los hechos debemos destacar que los integrantes de la familia se encuentran bien m\u00e1s all\u00e1 de susto y la indignaci\u00f3n.<\/p>\n\n\n\n<p>Fuente: Baradero Te Informa<\/p>\n","protected":false},"excerpt":{"rendered":"<p>Una familia domiciliada en Bulnes 269 vivi\u00f3 un hecho que adem\u00e1s del susto, los llen\u00f3 de bronca. En la madrugada, mientras la pareja dorm\u00eda con su peque\u00f1o hijo de tres a\u00f1os, se despertaron alertados por ruidos y se encontraron con un encapuchado adentro de su pieza. El propietario de la vivienda insult\u00f3 al delincuente que [&hellip;]<\/p>\n","protected":false},"author":4,"featured_media":48979,"comment_status":"open","ping_status":"closed","sticky":false,"template":"","format":"standard","meta":{"om_disable_all_campaigns":false,"_jetpack_memberships_contains_paid_content":false,"footnotes":""},"categories":[621],"tags":[],"class_list":["post-48978","post","type-post","status-publish","format-standard","has-post-thumbnail","hentry","category-regionales"],"aioseo_notices":[],"gutentor_comment":0,"jetpack_featured_media_url":"https:\/\/eldiariodesanpedro.com.ar\/sitio\/wp-content\/uploads\/2019\/03\/54268408_2329690957049608_932868872376156160_n-1.jpg","jetpack_shortlink":"https:\/\/wp.me\/p6RhLt-cJY","jetpack_sharing_enabled":true,"_links":{"self":[{"href":"https:\/\/eldiariodesanpedro.com.ar\/sitio\/wp-json\/wp\/v2\/posts\/48978","targetHints":{"allow":["GET"]}}],"collection":[{"href":"https:\/\/eldiariodesanpedro.com.ar\/sitio\/wp-json\/wp\/v2\/posts"}],"about":[{"href":"https:\/\/eldiariodesanpedro.com.ar\/sitio\/wp-json\/wp\/v2\/types\/post"}],"author":[{"embeddable":true,"href":"https:\/\/eldiariodesanpedro.com.ar\/sitio\/wp-json\/wp\/v2\/users\/4"}],"replies":[{"embeddable":true,"href":"https:\/\/eldiariodesanpedro.com.ar\/sitio\/wp-json\/wp\/v2\/comments?post=48978"}],"version-history":[{"count":1,"href":"https:\/\/eldiariodesanpedro.com.ar\/sitio\/wp-json\/wp\/v2\/posts\/48978\/revisions"}],"predecessor-version":[{"id":48980,"href":"https:\/\/eldiariodesanpedro.com.ar\/sitio\/wp-json\/wp\/v2\/posts\/48978\/revisions\/48980"}],"wp:featuredmedia":[{"embeddable":true,"href":"https:\/\/eldiariodesanpedro.com.ar\/sitio\/wp-json\/wp\/v2\/media\/48979"}],"wp:attachment":[{"href":"https:\/\/eldiariodesanpedro.com.ar\/sitio\/wp-json\/wp\/v2\/media?parent=48978"}],"wp:term":[{"taxonomy":"category","embeddable":true,"href":"https:\/\/eldiariodesanpedro.com.ar\/sitio\/wp-json\/wp\/v2\/categories?post=48978"},{"taxonomy":"post_tag","embeddable":true,"href":"https:\/\/eldiariodesanpedro.com.ar\/sitio\/wp-json\/wp\/v2\/tags?post=48978"}],"curies":[{"name":"wp","href":"https:\/\/api.w.org\/{rel}","templated":true}]}}