{"id":48971,"date":"2019-03-14T11:31:50","date_gmt":"2019-03-14T14:31:50","guid":{"rendered":"https:\/\/eldiariodesanpedro.com.ar\/sitio\/?p=48971"},"modified":"2019-03-14T11:32:04","modified_gmt":"2019-03-14T14:32:04","slug":"cintia-espindola-mi-hermano-le-escribio-a-fernando-una-carta-y-nunca-le-contesto","status":"publish","type":"post","link":"https:\/\/eldiariodesanpedro.com.ar\/sitio\/cintia-espindola-mi-hermano-le-escribio-a-fernando-una-carta-y-nunca-le-contesto\/","title":{"rendered":"Cintia Espindola: \u00abMi hermano le escribi\u00f3 a Fernando una carta y nunca le contesto\u00bb"},"content":{"rendered":"<!-- VideographyWP Plugin Message: Automatic video embedding prevented by plugin options. -->\n\n<p>Nelson tiene 43 a\u00f1os de edad, y por primera vez se animo por medio de un escrito mandarle un mensaje privado por la red social facebook a quien le robo su ni\u00f1ez y parte de su adolescencia.  \u00abNel no esta preparado,  el esta con psic\u00f3logos  y estuvo internado en un neuro psiqui\u00e1trico es delicado para que el se exprese\u00bb, confeso Cintia a nuestro medio.<\/p>\n\n\n\n<p>Luego de conocerse p\u00fablicamente la denuncia de la sobrina de Fernando Espindola, concejal suplente del Frente Renovador y dirigente gremial de el sindicato de camioneros,  el d\u00eda de aperturas de sesiones en el HCD, el 6 de marzo pudo ratificar la acusaci\u00f3n judicialmente inici\u00e1ndole una causa penal al edil.<\/p>\n\n\n\n<p>En su escalofriante testimonio relata como ella y sus hermanos fueron abusados por su t\u00edo Fernando cuando ten\u00edan entre 7 y 13 a\u00f1os de edad, donde en sus dichos tambi\u00e9n hace menci\u00f3n de la perdida de unos de ellos, Sebastian, quien asegura que se quito la vida a\u00f1os despu\u00e9s, a causa de no poder soportar   los abusos sufridos.<\/p>\n\n\n\n<p>El fiscal Marcelo Manso este mi\u00e9rcoles dio lugar al pedido de exclusi\u00f3n perimetral de Fernando hacia su sobrina por temor a represalias y la sito para este viernes poder escuchar su relato en una audiencia que sera considerado como declaraci\u00f3n testimonial para ampliar la acusaci\u00f3n y avanzar en la instrucci\u00f3n de la causa.<\/p>\n\n\n\n<p>Ademas esta ma\u00f1ana, Cintia muy conmovida nos envi\u00f3 lo que su hermano Nelson se animo a escribirle a su t\u00edo en un mensaje privado de la red social facebook y que como respuesta, este lo bloqueo.<\/p>\n\n\n\n<p>\u00abNel no esta preparado,  el esta con psic\u00f3logos  y estuvo internado en un neuro psiqui\u00e1trico es delicado para que el se exprese\u00bb, confesaba Cintia a nuestro medio. <\/p>\n\n\n\n<p>Las palabras expresadas entre lineas de Nelson:<\/p>\n\n\n\n<blockquote class=\"wp-block-quote is-style-default is-layout-flow wp-block-quote-is-layout-flow\"><p>\u00abA veces hay que detener las cosas a tiempo! Lamentable toda esta situaci\u00f3n, desde muchos aspectos. Cuando somos ni\u00f1os, nuestros padres son responsables a veces, de las cosas que hacemos, otras las niegan! Pero no se puede negar tanto tiempo todo, nada, dir\u00eda! <\/p><p>Cuando uno es adulto, las responsabilidades corren por cuenta nuestra! Yo trate de no llenar de odio ni mi cabeza, ni mi coraz\u00f3n, pero a veces el silencio y la negaci\u00f3n solo hacen que la bronca se acumule! <\/p><p>Vos sabes bien cual es tu papel en todo este drama, vos sabes bien cual fue tu papel en este drama! Yo, necesite al menos unas disculpas sentidas! Pero nunca llegaron! Y no por mi, trato de olvidar, pero hay algo en este presente que me recuerda el pasado constantemente, y es la muerte de Sebasti\u00e1n! Que d\u00eda a d\u00eda, durante sus d\u00edas como adulto, me recordaba los hechos de aquella ni\u00f1ez donde pasaban las cosas terribles que pasaban! <\/p><p>Hoy me toca acompa\u00f1ar a Cintia, que creo, la paso peor que todos por que vivi\u00f3 a tu lado durante muchos a\u00f1os.<\/p><p>Sinceramente no creo que te importe el da\u00f1o hecho, por que a\u00fan hoy lo segu\u00eds negando! Y esa es la parte que m\u00e1s lastima! Por eso la bronca! <\/p><p>De verdad no creo que te importe lo que yo pudiera escribirte, ni si quiera tal vez, tenga importancia el hecho de hacerlo, incluso hasta para mi, pero creo que tengo el derecho! Dudo que hayas temido por esta situaci\u00f3n alguna vez, incluso dudo que hayas sospechado situaci\u00f3n semejante! Pero ac\u00e1 estamos! <\/p><p>De verdad lamento, por tu familia, pero pude darme cuenta que lamento m\u00e1s lo que nos pas\u00f3 de tu mano y lo que a\u00fan nos pasa por esos hechos!<br><\/p><\/blockquote>\n","protected":false},"excerpt":{"rendered":"<p>Nelson tiene 43 a\u00f1os de edad, y por primera vez se animo por medio de un escrito mandarle un mensaje privado por la red social facebook a quien le robo su ni\u00f1ez y parte de su adolescencia. \u00abNel no esta preparado, el esta con psic\u00f3logos y estuvo internado en un neuro psiqui\u00e1trico es delicado para [&hellip;]<\/p>\n","protected":false},"author":4,"featured_media":48991,"comment_status":"open","ping_status":"closed","sticky":false,"template":"","format":"standard","meta":{"om_disable_all_campaigns":false,"_jetpack_memberships_contains_paid_content":false,"footnotes":""},"categories":[50,101,2],"tags":[],"class_list":["post-48971","post","type-post","status-publish","format-standard","has-post-thumbnail","hentry","category-destacadas","category-interes-general-locales","category-locales"],"aioseo_notices":[],"gutentor_comment":0,"jetpack_featured_media_url":"https:\/\/eldiariodesanpedro.com.ar\/sitio\/wp-content\/uploads\/2019\/03\/6523.jpg","jetpack_shortlink":"https:\/\/wp.me\/p6RhLt-cJR","jetpack_sharing_enabled":true,"_links":{"self":[{"href":"https:\/\/eldiariodesanpedro.com.ar\/sitio\/wp-json\/wp\/v2\/posts\/48971","targetHints":{"allow":["GET"]}}],"collection":[{"href":"https:\/\/eldiariodesanpedro.com.ar\/sitio\/wp-json\/wp\/v2\/posts"}],"about":[{"href":"https:\/\/eldiariodesanpedro.com.ar\/sitio\/wp-json\/wp\/v2\/types\/post"}],"author":[{"embeddable":true,"href":"https:\/\/eldiariodesanpedro.com.ar\/sitio\/wp-json\/wp\/v2\/users\/4"}],"replies":[{"embeddable":true,"href":"https:\/\/eldiariodesanpedro.com.ar\/sitio\/wp-json\/wp\/v2\/comments?post=48971"}],"version-history":[{"count":1,"href":"https:\/\/eldiariodesanpedro.com.ar\/sitio\/wp-json\/wp\/v2\/posts\/48971\/revisions"}],"predecessor-version":[{"id":48992,"href":"https:\/\/eldiariodesanpedro.com.ar\/sitio\/wp-json\/wp\/v2\/posts\/48971\/revisions\/48992"}],"wp:featuredmedia":[{"embeddable":true,"href":"https:\/\/eldiariodesanpedro.com.ar\/sitio\/wp-json\/wp\/v2\/media\/48991"}],"wp:attachment":[{"href":"https:\/\/eldiariodesanpedro.com.ar\/sitio\/wp-json\/wp\/v2\/media?parent=48971"}],"wp:term":[{"taxonomy":"category","embeddable":true,"href":"https:\/\/eldiariodesanpedro.com.ar\/sitio\/wp-json\/wp\/v2\/categories?post=48971"},{"taxonomy":"post_tag","embeddable":true,"href":"https:\/\/eldiariodesanpedro.com.ar\/sitio\/wp-json\/wp\/v2\/tags?post=48971"}],"curies":[{"name":"wp","href":"https:\/\/api.w.org\/{rel}","templated":true}]}}