{"id":48968,"date":"2019-03-14T10:08:38","date_gmt":"2019-03-14T13:08:38","guid":{"rendered":"https:\/\/eldiariodesanpedro.com.ar\/sitio\/?p=48968"},"modified":"2019-03-14T10:08:48","modified_gmt":"2019-03-14T13:08:48","slug":"se-olvido-la-llave-puesta-en-la-moto-y-se-la-robaron","status":"publish","type":"post","link":"https:\/\/eldiariodesanpedro.com.ar\/sitio\/se-olvido-la-llave-puesta-en-la-moto-y-se-la-robaron\/","title":{"rendered":"Se olvido la llave puesta en la moto y se la robaron"},"content":{"rendered":"<!-- VideographyWP Plugin Message: Automatic video embedding prevented by plugin options. -->\n\n<p>As\u00ed lo denuncio una mujer mayor de edad en la dependencia local. La motocicleta se encontraba en la vereda con las llaves puestas.<\/p>\n\n\n\n<p>El hecho ocurri\u00f3 aproximadamente a las 21 horas de este mi\u00e9rcoles, la propietaria dejo el rodado sobre la vereda de su vivienda sita en calle Combate de Obligado, entre avenida Boulebar Moreno y calle Guemes.<\/p>\n\n\n\n<p>Se trata de una motocicleta 110 cc de color negra; la mujer al egresar de su casa constato que delincuentes ignorados hab\u00edan sustra\u00eddo el rodado c\u00f3modamente al olvidarse las llaves colocadas.<\/p>\n\n\n\n<p>Investiga el hecho la fiscalia en turno.<\/p>\n","protected":false},"excerpt":{"rendered":"<p>As\u00ed lo denuncio una mujer mayor de edad en la dependencia local. La motocicleta se encontraba en la vereda con las llaves puestas. El hecho ocurri\u00f3 aproximadamente a las 21 horas de este mi\u00e9rcoles, la propietaria dejo el rodado sobre la vereda de su vivienda sita en calle Combate de Obligado, entre avenida Boulebar Moreno [&hellip;]<\/p>\n","protected":false},"author":4,"featured_media":48969,"comment_status":"open","ping_status":"closed","sticky":false,"template":"","format":"standard","meta":{"om_disable_all_campaigns":false,"_jetpack_memberships_contains_paid_content":false,"footnotes":""},"categories":[2,103],"tags":[],"class_list":["post-48968","post","type-post","status-publish","format-standard","has-post-thumbnail","hentry","category-locales","category-policiales-locales"],"aioseo_notices":[],"gutentor_comment":0,"jetpack_featured_media_url":"https:\/\/eldiariodesanpedro.com.ar\/sitio\/wp-content\/uploads\/2019\/03\/web_captura_big_ce_3_VL388657_MG22649572.jpg","jetpack_shortlink":"https:\/\/wp.me\/p6RhLt-cJO","jetpack_sharing_enabled":true,"_links":{"self":[{"href":"https:\/\/eldiariodesanpedro.com.ar\/sitio\/wp-json\/wp\/v2\/posts\/48968","targetHints":{"allow":["GET"]}}],"collection":[{"href":"https:\/\/eldiariodesanpedro.com.ar\/sitio\/wp-json\/wp\/v2\/posts"}],"about":[{"href":"https:\/\/eldiariodesanpedro.com.ar\/sitio\/wp-json\/wp\/v2\/types\/post"}],"author":[{"embeddable":true,"href":"https:\/\/eldiariodesanpedro.com.ar\/sitio\/wp-json\/wp\/v2\/users\/4"}],"replies":[{"embeddable":true,"href":"https:\/\/eldiariodesanpedro.com.ar\/sitio\/wp-json\/wp\/v2\/comments?post=48968"}],"version-history":[{"count":1,"href":"https:\/\/eldiariodesanpedro.com.ar\/sitio\/wp-json\/wp\/v2\/posts\/48968\/revisions"}],"predecessor-version":[{"id":48970,"href":"https:\/\/eldiariodesanpedro.com.ar\/sitio\/wp-json\/wp\/v2\/posts\/48968\/revisions\/48970"}],"wp:featuredmedia":[{"embeddable":true,"href":"https:\/\/eldiariodesanpedro.com.ar\/sitio\/wp-json\/wp\/v2\/media\/48969"}],"wp:attachment":[{"href":"https:\/\/eldiariodesanpedro.com.ar\/sitio\/wp-json\/wp\/v2\/media?parent=48968"}],"wp:term":[{"taxonomy":"category","embeddable":true,"href":"https:\/\/eldiariodesanpedro.com.ar\/sitio\/wp-json\/wp\/v2\/categories?post=48968"},{"taxonomy":"post_tag","embeddable":true,"href":"https:\/\/eldiariodesanpedro.com.ar\/sitio\/wp-json\/wp\/v2\/tags?post=48968"}],"curies":[{"name":"wp","href":"https:\/\/api.w.org\/{rel}","templated":true}]}}