{"id":48966,"date":"2019-03-14T09:53:21","date_gmt":"2019-03-14T12:53:21","guid":{"rendered":"https:\/\/eldiariodesanpedro.com.ar\/sitio\/?p=48966"},"modified":"2019-03-14T09:53:29","modified_gmt":"2019-03-14T12:53:29","slug":"santa-lucia-robaron-dinero-de-una-vivienda","status":"publish","type":"post","link":"https:\/\/eldiariodesanpedro.com.ar\/sitio\/santa-lucia-robaron-dinero-de-una-vivienda\/","title":{"rendered":"Santa Lucia: Robaron dinero de una vivienda"},"content":{"rendered":"<!-- VideographyWP Plugin Message: Automatic video embedding prevented by plugin options. -->\n\n<p>Sucedi\u00f3 esta madrugada cuando la morada se encontraba sola. Su propietario constato el faltante de dinero en efectivo que se encontraba en su habitaci\u00f3n.<\/p>\n\n\n\n<p>El hecho ocurri\u00f3 cuando delincuentes ignorados ingresaron violentando el ventiluz del ba\u00f1o cerca de las 2 de la ma\u00f1ana.<\/p>\n\n\n\n<p>El propietario, un hombre de 37 a\u00f1os de edad, constato lo sucedido 4 horas despu\u00e9s al volver a su casa.<\/p>\n\n\n\n<p>Los malvivientes sustrajeron de la habitaci\u00f3n una cantidad importante de dinero en efectivo.<\/p>\n\n\n\n<p>Investiga el hecho la fiscalia del Dr Manso.<\/p>\n\n\n\n<p><br><\/p>\n","protected":false},"excerpt":{"rendered":"<p>Sucedi\u00f3 esta madrugada cuando la morada se encontraba sola. Su propietario constato el faltante de dinero en efectivo que se encontraba en su habitaci\u00f3n. El hecho ocurri\u00f3 cuando delincuentes ignorados ingresaron violentando el ventiluz del ba\u00f1o cerca de las 2 de la ma\u00f1ana. El propietario, un hombre de 37 a\u00f1os de edad, constato lo sucedido [&hellip;]<\/p>\n","protected":false},"author":4,"featured_media":45949,"comment_status":"open","ping_status":"closed","sticky":false,"template":"","format":"standard","meta":{"om_disable_all_campaigns":false,"_jetpack_memberships_contains_paid_content":false,"footnotes":""},"categories":[2,103],"tags":[],"class_list":["post-48966","post","type-post","status-publish","format-standard","has-post-thumbnail","hentry","category-locales","category-policiales-locales"],"aioseo_notices":[],"gutentor_comment":0,"jetpack_featured_media_url":"https:\/\/eldiariodesanpedro.com.ar\/sitio\/wp-content\/uploads\/2019\/01\/nuevos-patrulleros-policia-02_6.jpg","jetpack_shortlink":"https:\/\/wp.me\/p6RhLt-cJM","jetpack_sharing_enabled":true,"_links":{"self":[{"href":"https:\/\/eldiariodesanpedro.com.ar\/sitio\/wp-json\/wp\/v2\/posts\/48966","targetHints":{"allow":["GET"]}}],"collection":[{"href":"https:\/\/eldiariodesanpedro.com.ar\/sitio\/wp-json\/wp\/v2\/posts"}],"about":[{"href":"https:\/\/eldiariodesanpedro.com.ar\/sitio\/wp-json\/wp\/v2\/types\/post"}],"author":[{"embeddable":true,"href":"https:\/\/eldiariodesanpedro.com.ar\/sitio\/wp-json\/wp\/v2\/users\/4"}],"replies":[{"embeddable":true,"href":"https:\/\/eldiariodesanpedro.com.ar\/sitio\/wp-json\/wp\/v2\/comments?post=48966"}],"version-history":[{"count":1,"href":"https:\/\/eldiariodesanpedro.com.ar\/sitio\/wp-json\/wp\/v2\/posts\/48966\/revisions"}],"predecessor-version":[{"id":48967,"href":"https:\/\/eldiariodesanpedro.com.ar\/sitio\/wp-json\/wp\/v2\/posts\/48966\/revisions\/48967"}],"wp:featuredmedia":[{"embeddable":true,"href":"https:\/\/eldiariodesanpedro.com.ar\/sitio\/wp-json\/wp\/v2\/media\/45949"}],"wp:attachment":[{"href":"https:\/\/eldiariodesanpedro.com.ar\/sitio\/wp-json\/wp\/v2\/media?parent=48966"}],"wp:term":[{"taxonomy":"category","embeddable":true,"href":"https:\/\/eldiariodesanpedro.com.ar\/sitio\/wp-json\/wp\/v2\/categories?post=48966"},{"taxonomy":"post_tag","embeddable":true,"href":"https:\/\/eldiariodesanpedro.com.ar\/sitio\/wp-json\/wp\/v2\/tags?post=48966"}],"curies":[{"name":"wp","href":"https:\/\/api.w.org\/{rel}","templated":true}]}}