{"id":48943,"date":"2019-03-13T10:32:47","date_gmt":"2019-03-13T13:32:47","guid":{"rendered":"https:\/\/eldiariodesanpedro.com.ar\/sitio\/?p=48943"},"modified":"2019-03-13T10:32:57","modified_gmt":"2019-03-13T13:32:57","slug":"campana-detienen-un-sujeto-por-el-presunto-abuso-a-una-nena-de-10-anos","status":"publish","type":"post","link":"https:\/\/eldiariodesanpedro.com.ar\/sitio\/campana-detienen-un-sujeto-por-el-presunto-abuso-a-una-nena-de-10-anos\/","title":{"rendered":"CAMPANA: Detienen un sujeto por el presunto abuso a una nena de 10 a\u00f1os"},"content":{"rendered":"<!-- VideographyWP Plugin Message: Automatic video embedding prevented by plugin options. -->\n\n<p>\n\nEl acusado fue golpeado y a punto de ser linchado, pero la intervenci\u00f3n policial posibilit\u00f3 su detenci\u00f3n.<\/p>\n\n\n\n<p>Al parecer, la madre de la ni\u00f1a comenz\u00f3 a buscar al presunto proxeneta de 24 a\u00f1os al conocer el ataque a su hija, y luego los vecinos, indignados por el hecho, se sumaron a la b\u00fasqueda. Al ser hallado, el sospechoso fue golpeado e incluso, varias personas habr\u00edan intentado lincharlo.<\/p>\n\n\n\n<p>Al lugar arribaron los m\u00f3viles zonas 6 y 5 del CP, a cargo del Capit\u00e1n Daniel Gonz\u00e1lez, con apoyo del Grupo de Apoyo Departamental (G.A.D), logrando la detenci\u00f3n del acusado. No obstante, una ambulancia del Same traslad\u00f3 a la menor junto a su madre al Hospital donde le realizar\u00edan los estudios correspondientes.<\/p>\n\n\n\n<p>El detenido fue derivado a la Comisar\u00eda, pero ser\u00eda trasladado a otra dependencia de una localidad vecina a la espera del dictamen judicial que de inicio a la investigaci\u00f3n correspondiente.<\/p>\n\n\n\n<p>Fuente: Zarate Alerta<\/p>\n","protected":false},"excerpt":{"rendered":"<p>El acusado fue golpeado y a punto de ser linchado, pero la intervenci\u00f3n policial posibilit\u00f3 su detenci\u00f3n. Al parecer, la madre de la ni\u00f1a comenz\u00f3 a buscar al presunto proxeneta de 24 a\u00f1os al conocer el ataque a su hija, y luego los vecinos, indignados por el hecho, se sumaron a la b\u00fasqueda. Al ser [&hellip;]<\/p>\n","protected":false},"author":4,"featured_media":48945,"comment_status":"open","ping_status":"closed","sticky":false,"template":"","format":"standard","meta":{"om_disable_all_campaigns":false,"_jetpack_memberships_contains_paid_content":false,"footnotes":""},"categories":[621],"tags":[],"class_list":["post-48943","post","type-post","status-publish","format-standard","has-post-thumbnail","hentry","category-regionales"],"aioseo_notices":[],"gutentor_comment":0,"jetpack_featured_media_url":"https:\/\/eldiariodesanpedro.com.ar\/sitio\/wp-content\/uploads\/2019\/03\/sin_titulo_170.jpg","jetpack_shortlink":"https:\/\/wp.me\/p6RhLt-cJp","jetpack_sharing_enabled":true,"_links":{"self":[{"href":"https:\/\/eldiariodesanpedro.com.ar\/sitio\/wp-json\/wp\/v2\/posts\/48943","targetHints":{"allow":["GET"]}}],"collection":[{"href":"https:\/\/eldiariodesanpedro.com.ar\/sitio\/wp-json\/wp\/v2\/posts"}],"about":[{"href":"https:\/\/eldiariodesanpedro.com.ar\/sitio\/wp-json\/wp\/v2\/types\/post"}],"author":[{"embeddable":true,"href":"https:\/\/eldiariodesanpedro.com.ar\/sitio\/wp-json\/wp\/v2\/users\/4"}],"replies":[{"embeddable":true,"href":"https:\/\/eldiariodesanpedro.com.ar\/sitio\/wp-json\/wp\/v2\/comments?post=48943"}],"version-history":[{"count":1,"href":"https:\/\/eldiariodesanpedro.com.ar\/sitio\/wp-json\/wp\/v2\/posts\/48943\/revisions"}],"predecessor-version":[{"id":48946,"href":"https:\/\/eldiariodesanpedro.com.ar\/sitio\/wp-json\/wp\/v2\/posts\/48943\/revisions\/48946"}],"wp:featuredmedia":[{"embeddable":true,"href":"https:\/\/eldiariodesanpedro.com.ar\/sitio\/wp-json\/wp\/v2\/media\/48945"}],"wp:attachment":[{"href":"https:\/\/eldiariodesanpedro.com.ar\/sitio\/wp-json\/wp\/v2\/media?parent=48943"}],"wp:term":[{"taxonomy":"category","embeddable":true,"href":"https:\/\/eldiariodesanpedro.com.ar\/sitio\/wp-json\/wp\/v2\/categories?post=48943"},{"taxonomy":"post_tag","embeddable":true,"href":"https:\/\/eldiariodesanpedro.com.ar\/sitio\/wp-json\/wp\/v2\/tags?post=48943"}],"curies":[{"name":"wp","href":"https:\/\/api.w.org\/{rel}","templated":true}]}}