{"id":48940,"date":"2019-03-13T10:30:40","date_gmt":"2019-03-13T13:30:40","guid":{"rendered":"https:\/\/eldiariodesanpedro.com.ar\/sitio\/?p=48940"},"modified":"2019-03-13T10:30:50","modified_gmt":"2019-03-13T13:30:50","slug":"zarate-delincuentes-le-robaron-los-ahorros-a-un-vecino-del-barrio-villa-fox","status":"publish","type":"post","link":"https:\/\/eldiariodesanpedro.com.ar\/sitio\/zarate-delincuentes-le-robaron-los-ahorros-a-un-vecino-del-barrio-villa-fox\/","title":{"rendered":"ZARATE: Delincuentes le robaron los ahorros a un vecino del barrio Villa Fox"},"content":{"rendered":"<!-- VideographyWP Plugin Message: Automatic video embedding prevented by plugin options. -->\n\n<p>\n\nOcurri\u00f3 d\u00edas atr\u00e1s en una vivienda de barrio Villa Fox de Z\u00e1rate, cuando delincuentes ingresaron a la casa de un vecino, que se dedica al rubro gastron\u00f3mico, y le robaron una suma important\u00edsima de dinero.<\/p>\n\n\n\n<p>Seg\u00fan trascendi\u00f3, la ten\u00eda guardada en un caj\u00f3n y estaba destinada para su uso laboral. De hecho, pr\u00e1cticamente nadie m\u00e1s sab\u00eda de su existencia m\u00e1s que el propio due\u00f1o. Adem\u00e1s, no hab\u00eda signos de violencia en dem\u00e1s ambientes de la casa.<\/p>\n\n\n\n<p>La denuncia fue radicada en la Comisar\u00eda 1ra, en donde comenz\u00f3 una investigaci\u00f3n para poder individualizar a los sospechosos. La causa est\u00e1 caratulada como \u201crobo\u201d e interviene la UFI N\u00b0 7 Z\u00e1rate \u2013 Campana.<\/p>\n\n\n\n<p>Fuente: Enlace Critico<\/p>\n","protected":false},"excerpt":{"rendered":"<p>Ocurri\u00f3 d\u00edas atr\u00e1s en una vivienda de barrio Villa Fox de Z\u00e1rate, cuando delincuentes ingresaron a la casa de un vecino, que se dedica al rubro gastron\u00f3mico, y le robaron una suma important\u00edsima de dinero. Seg\u00fan trascendi\u00f3, la ten\u00eda guardada en un caj\u00f3n y estaba destinada para su uso laboral. De hecho, pr\u00e1cticamente nadie m\u00e1s [&hellip;]<\/p>\n","protected":false},"author":4,"featured_media":48941,"comment_status":"open","ping_status":"closed","sticky":false,"template":"","format":"standard","meta":{"om_disable_all_campaigns":false,"_jetpack_memberships_contains_paid_content":false,"footnotes":""},"categories":[621],"tags":[],"class_list":["post-48940","post","type-post","status-publish","format-standard","has-post-thumbnail","hentry","category-regionales"],"aioseo_notices":[],"gutentor_comment":0,"jetpack_featured_media_url":"https:\/\/eldiariodesanpedro.com.ar\/sitio\/wp-content\/uploads\/2019\/03\/img_20171012_152647_0.jpg","jetpack_shortlink":"https:\/\/wp.me\/p6RhLt-cJm","jetpack_sharing_enabled":true,"_links":{"self":[{"href":"https:\/\/eldiariodesanpedro.com.ar\/sitio\/wp-json\/wp\/v2\/posts\/48940","targetHints":{"allow":["GET"]}}],"collection":[{"href":"https:\/\/eldiariodesanpedro.com.ar\/sitio\/wp-json\/wp\/v2\/posts"}],"about":[{"href":"https:\/\/eldiariodesanpedro.com.ar\/sitio\/wp-json\/wp\/v2\/types\/post"}],"author":[{"embeddable":true,"href":"https:\/\/eldiariodesanpedro.com.ar\/sitio\/wp-json\/wp\/v2\/users\/4"}],"replies":[{"embeddable":true,"href":"https:\/\/eldiariodesanpedro.com.ar\/sitio\/wp-json\/wp\/v2\/comments?post=48940"}],"version-history":[{"count":1,"href":"https:\/\/eldiariodesanpedro.com.ar\/sitio\/wp-json\/wp\/v2\/posts\/48940\/revisions"}],"predecessor-version":[{"id":48942,"href":"https:\/\/eldiariodesanpedro.com.ar\/sitio\/wp-json\/wp\/v2\/posts\/48940\/revisions\/48942"}],"wp:featuredmedia":[{"embeddable":true,"href":"https:\/\/eldiariodesanpedro.com.ar\/sitio\/wp-json\/wp\/v2\/media\/48941"}],"wp:attachment":[{"href":"https:\/\/eldiariodesanpedro.com.ar\/sitio\/wp-json\/wp\/v2\/media?parent=48940"}],"wp:term":[{"taxonomy":"category","embeddable":true,"href":"https:\/\/eldiariodesanpedro.com.ar\/sitio\/wp-json\/wp\/v2\/categories?post=48940"},{"taxonomy":"post_tag","embeddable":true,"href":"https:\/\/eldiariodesanpedro.com.ar\/sitio\/wp-json\/wp\/v2\/tags?post=48940"}],"curies":[{"name":"wp","href":"https:\/\/api.w.org\/{rel}","templated":true}]}}