{"id":48937,"date":"2019-03-13T10:27:50","date_gmt":"2019-03-13T13:27:50","guid":{"rendered":"https:\/\/eldiariodesanpedro.com.ar\/sitio\/?p=48937"},"modified":"2019-03-13T10:27:59","modified_gmt":"2019-03-13T13:27:59","slug":"baradero-el-hogar-de-ancianos-municipal-de-baradero-festejo-76-anos-de-vida","status":"publish","type":"post","link":"https:\/\/eldiariodesanpedro.com.ar\/sitio\/baradero-el-hogar-de-ancianos-municipal-de-baradero-festejo-76-anos-de-vida\/","title":{"rendered":"BARADERO: El Hogar de Ancianos Municipal de Baradero festej\u00f3 76 a\u00f1os de vida"},"content":{"rendered":"<!-- VideographyWP Plugin Message: Automatic video embedding prevented by plugin options. -->\n\n<p>\n\nEl Hogar de Ancianos festej\u00f3 sus 76 aniversario, el cual cont\u00f3 con la presencia de la Intendente Municipal, Fernanda Antonijevic, y otras autoridades.<\/p>\n\n\n\n<p>Sin lugar a dudas, el Hogar de Ancianos Municipal San Jos\u00e9, dicho por la propia Intendente Municipal, Fernanda Antonijevic en alguna ocasi\u00f3n \u201ces el \u00e1rea que mejor funciona dentro del municipio\u201d, y a la vista est\u00e1 cuando cada uno se acerca y lo visita.<\/p>\n\n\n\n<p>Zully Borba, su directora desde que asumi\u00f3 la gesti\u00f3n de Antonijevic, ha hecho un trabajo loable, voluntarioso y ejemplar para que en tan solo tres a\u00f1os el Hogar posea una habilitaci\u00f3n que en todos sus a\u00f1os de vida nunca tuvo, para que se hagan refacciones impensadas en el lugar y para que se proyecte una ampliaci\u00f3n para \u00e9ste a\u00f1o.<\/p>\n\n\n\n<p>Indudablemente, sumado a las celebraciones que desarrolla la Instituci\u00f3n para agasajar a los residentes y toda la gesti\u00f3n impecable de Zully Borba, dicha \u00e1rea municipal, quedar\u00e1 como el sector que mejor funcion\u00f3 de la gesti\u00f3n local en toda su gobernabilidad.<\/p>\n\n\n\n<p>El viernes, finalmente, el Hogar de Ancianos festej\u00f3 sus 76 aniversario, el cual cont\u00f3 con la presencia de la Intendente Municipal, Fernanda Antonijevic, y otras autoridades. La actuaci\u00f3n de Dario Diaz en la aprte musical y el acompa\u00f1amiento de familiares y amigos de quienes conviven en el lugar, sin dejar de destacar del trabajo en equipo de todos los trabajadores del \u00e1rea que se ponen la camiseta cotidianamente.<\/p>\n\n\n\n<p>Fuente: Baradero Hoy<\/p>\n","protected":false},"excerpt":{"rendered":"<p>El Hogar de Ancianos festej\u00f3 sus 76 aniversario, el cual cont\u00f3 con la presencia de la Intendente Municipal, Fernanda Antonijevic, y otras autoridades. Sin lugar a dudas, el Hogar de Ancianos Municipal San Jos\u00e9, dicho por la propia Intendente Municipal, Fernanda Antonijevic en alguna ocasi\u00f3n \u201ces el \u00e1rea que mejor funciona dentro del municipio\u201d, y [&hellip;]<\/p>\n","protected":false},"author":4,"featured_media":48938,"comment_status":"open","ping_status":"closed","sticky":false,"template":"","format":"standard","meta":{"om_disable_all_campaigns":false,"_jetpack_memberships_contains_paid_content":false,"footnotes":""},"categories":[621],"tags":[],"class_list":["post-48937","post","type-post","status-publish","format-standard","has-post-thumbnail","hentry","category-regionales"],"aioseo_notices":[],"gutentor_comment":0,"jetpack_featured_media_url":"https:\/\/eldiariodesanpedro.com.ar\/sitio\/wp-content\/uploads\/2019\/03\/festejo-hogar-4.jpg","jetpack_shortlink":"https:\/\/wp.me\/p6RhLt-cJj","jetpack_sharing_enabled":true,"_links":{"self":[{"href":"https:\/\/eldiariodesanpedro.com.ar\/sitio\/wp-json\/wp\/v2\/posts\/48937","targetHints":{"allow":["GET"]}}],"collection":[{"href":"https:\/\/eldiariodesanpedro.com.ar\/sitio\/wp-json\/wp\/v2\/posts"}],"about":[{"href":"https:\/\/eldiariodesanpedro.com.ar\/sitio\/wp-json\/wp\/v2\/types\/post"}],"author":[{"embeddable":true,"href":"https:\/\/eldiariodesanpedro.com.ar\/sitio\/wp-json\/wp\/v2\/users\/4"}],"replies":[{"embeddable":true,"href":"https:\/\/eldiariodesanpedro.com.ar\/sitio\/wp-json\/wp\/v2\/comments?post=48937"}],"version-history":[{"count":1,"href":"https:\/\/eldiariodesanpedro.com.ar\/sitio\/wp-json\/wp\/v2\/posts\/48937\/revisions"}],"predecessor-version":[{"id":48939,"href":"https:\/\/eldiariodesanpedro.com.ar\/sitio\/wp-json\/wp\/v2\/posts\/48937\/revisions\/48939"}],"wp:featuredmedia":[{"embeddable":true,"href":"https:\/\/eldiariodesanpedro.com.ar\/sitio\/wp-json\/wp\/v2\/media\/48938"}],"wp:attachment":[{"href":"https:\/\/eldiariodesanpedro.com.ar\/sitio\/wp-json\/wp\/v2\/media?parent=48937"}],"wp:term":[{"taxonomy":"category","embeddable":true,"href":"https:\/\/eldiariodesanpedro.com.ar\/sitio\/wp-json\/wp\/v2\/categories?post=48937"},{"taxonomy":"post_tag","embeddable":true,"href":"https:\/\/eldiariodesanpedro.com.ar\/sitio\/wp-json\/wp\/v2\/tags?post=48937"}],"curies":[{"name":"wp","href":"https:\/\/api.w.org\/{rel}","templated":true}]}}