{"id":48934,"date":"2019-03-13T10:24:35","date_gmt":"2019-03-13T13:24:35","guid":{"rendered":"https:\/\/eldiariodesanpedro.com.ar\/sitio\/?p=48934"},"modified":"2019-03-13T10:24:45","modified_gmt":"2019-03-13T13:24:45","slug":"baradero-mendez-podria-ser-trasladado-a-la-sub-departamental-de-investigaciones-de-baradero-y-san-pedro","status":"publish","type":"post","link":"https:\/\/eldiariodesanpedro.com.ar\/sitio\/baradero-mendez-podria-ser-trasladado-a-la-sub-departamental-de-investigaciones-de-baradero-y-san-pedro\/","title":{"rendered":"BARADERO: Mendez podr\u00eda ser trasladado a la Sub-departamental de investigaciones de Baradero y San Pedro"},"content":{"rendered":"<!-- VideographyWP Plugin Message: Automatic video embedding prevented by plugin options. -->\n\n<p>\n\nEl comisario Mario Mendez hacia m\u00e1s de siete meses que hab\u00eda pedido su traslado de la comisaria de nuestra ciudad, de la cual estaba a cargo desde Abril del 2017.<\/p>\n\n\n\n<p>Despu\u00e9s de una serie de tramites legales, el visto bueno de la intendenta ya que nuestra polic\u00eda es comunal, lleg\u00f3 la confirmaci\u00f3n en esto d\u00edas del traslado de Mendez.<\/p>\n\n\n\n<p>Su destino, que esta a confirmar, seria la Sub-departamental de investigaciones de Baradero y San Pedro que tambi\u00e9n funciona en nuestra ciudad.<\/p>\n\n\n\n<p>Por el momento, y mientras se espera la llegada del relevo de Mendez, que ser\u00eda un comisario de Campana, el subcomisario Facundo Fioravanti esta a cargo de la estaci\u00f3n de polic\u00eda comunal.<\/p>\n\n\n\n<p>Fuente: Baradero Te Informa<\/p>\n","protected":false},"excerpt":{"rendered":"<p>El comisario Mario Mendez hacia m\u00e1s de siete meses que hab\u00eda pedido su traslado de la comisaria de nuestra ciudad, de la cual estaba a cargo desde Abril del 2017. Despu\u00e9s de una serie de tramites legales, el visto bueno de la intendenta ya que nuestra polic\u00eda es comunal, lleg\u00f3 la confirmaci\u00f3n en esto d\u00edas [&hellip;]<\/p>\n","protected":false},"author":4,"featured_media":48935,"comment_status":"open","ping_status":"closed","sticky":false,"template":"","format":"standard","meta":{"om_disable_all_campaigns":false,"_jetpack_memberships_contains_paid_content":false,"footnotes":""},"categories":[621],"tags":[],"class_list":["post-48934","post","type-post","status-publish","format-standard","has-post-thumbnail","hentry","category-regionales"],"aioseo_notices":[],"gutentor_comment":0,"jetpack_featured_media_url":"https:\/\/eldiariodesanpedro.com.ar\/sitio\/wp-content\/uploads\/2019\/03\/dsc_0014-640x480-1_0.jpg","jetpack_shortlink":"https:\/\/wp.me\/p6RhLt-cJg","jetpack_sharing_enabled":true,"_links":{"self":[{"href":"https:\/\/eldiariodesanpedro.com.ar\/sitio\/wp-json\/wp\/v2\/posts\/48934","targetHints":{"allow":["GET"]}}],"collection":[{"href":"https:\/\/eldiariodesanpedro.com.ar\/sitio\/wp-json\/wp\/v2\/posts"}],"about":[{"href":"https:\/\/eldiariodesanpedro.com.ar\/sitio\/wp-json\/wp\/v2\/types\/post"}],"author":[{"embeddable":true,"href":"https:\/\/eldiariodesanpedro.com.ar\/sitio\/wp-json\/wp\/v2\/users\/4"}],"replies":[{"embeddable":true,"href":"https:\/\/eldiariodesanpedro.com.ar\/sitio\/wp-json\/wp\/v2\/comments?post=48934"}],"version-history":[{"count":1,"href":"https:\/\/eldiariodesanpedro.com.ar\/sitio\/wp-json\/wp\/v2\/posts\/48934\/revisions"}],"predecessor-version":[{"id":48936,"href":"https:\/\/eldiariodesanpedro.com.ar\/sitio\/wp-json\/wp\/v2\/posts\/48934\/revisions\/48936"}],"wp:featuredmedia":[{"embeddable":true,"href":"https:\/\/eldiariodesanpedro.com.ar\/sitio\/wp-json\/wp\/v2\/media\/48935"}],"wp:attachment":[{"href":"https:\/\/eldiariodesanpedro.com.ar\/sitio\/wp-json\/wp\/v2\/media?parent=48934"}],"wp:term":[{"taxonomy":"category","embeddable":true,"href":"https:\/\/eldiariodesanpedro.com.ar\/sitio\/wp-json\/wp\/v2\/categories?post=48934"},{"taxonomy":"post_tag","embeddable":true,"href":"https:\/\/eldiariodesanpedro.com.ar\/sitio\/wp-json\/wp\/v2\/tags?post=48934"}],"curies":[{"name":"wp","href":"https:\/\/api.w.org\/{rel}","templated":true}]}}