{"id":48931,"date":"2019-03-13T10:22:36","date_gmt":"2019-03-13T13:22:36","guid":{"rendered":"https:\/\/eldiariodesanpedro.com.ar\/sitio\/?p=48931"},"modified":"2019-03-13T10:22:47","modified_gmt":"2019-03-13T13:22:47","slug":"san-nicolas-secuestraron-armas-un-allanamiento","status":"publish","type":"post","link":"https:\/\/eldiariodesanpedro.com.ar\/sitio\/san-nicolas-secuestraron-armas-un-allanamiento\/","title":{"rendered":"SAN NICOL\u00c1S: Secuestraron armas un allanamiento"},"content":{"rendered":"<!-- VideographyWP Plugin Message: Automatic video embedding prevented by plugin options. -->\n\n<p>\n\nPersonal policial de Comisar\u00eda Segunda realiz\u00f3 un allanamiento en calle Segundo Garc\u00eda sin numeraci\u00f3n en el marco de una investigaci\u00f3n por Amenazas Calificadas.<\/p>\n\n\n\n<p>En el lugar se secuestr\u00f3 un revolver calibre 32 largo especial, un rev\u00f3lver calibre 38 largo, una escopeta, un pistol\u00f3n calibre 14, 50 proyectiles calibre 9 mm, 50 proyectiles calibre 36mm, 18 proyectiles calibre 38mm, diez proyectiles calibre 12mm, un proyectil calibre 16mm, un proyectil calibre 32.<br><br>Adem\u00e1s, se procedi\u00f3 a la aprehensi\u00f3n de un hombre de 50 a\u00f1os de apellido Ramirez que qued\u00f3 imputado por Tenencia Ilegal de Arma de Guerra y de Uso Civil.<\/p>\n\n\n\n<p>Fuente: Diario El Informante<\/p>\n","protected":false},"excerpt":{"rendered":"<p>Personal policial de Comisar\u00eda Segunda realiz\u00f3 un allanamiento en calle Segundo Garc\u00eda sin numeraci\u00f3n en el marco de una investigaci\u00f3n por Amenazas Calificadas. En el lugar se secuestr\u00f3 un revolver calibre 32 largo especial, un rev\u00f3lver calibre 38 largo, una escopeta, un pistol\u00f3n calibre 14, 50 proyectiles calibre 9 mm, 50 proyectiles calibre 36mm, 18 [&hellip;]<\/p>\n","protected":false},"author":4,"featured_media":48932,"comment_status":"open","ping_status":"closed","sticky":false,"template":"","format":"standard","meta":{"om_disable_all_campaigns":false,"_jetpack_memberships_contains_paid_content":false,"footnotes":""},"categories":[621],"tags":[],"class_list":["post-48931","post","type-post","status-publish","format-standard","has-post-thumbnail","hentry","category-regionales"],"aioseo_notices":[],"gutentor_comment":0,"jetpack_featured_media_url":"https:\/\/eldiariodesanpedro.com.ar\/sitio\/wp-content\/uploads\/2019\/03\/no_u6vdjr02b2bfsmywhatsapp_image_2019_03_09_at_18.jpg","jetpack_shortlink":"https:\/\/wp.me\/p6RhLt-cJd","jetpack_sharing_enabled":true,"_links":{"self":[{"href":"https:\/\/eldiariodesanpedro.com.ar\/sitio\/wp-json\/wp\/v2\/posts\/48931","targetHints":{"allow":["GET"]}}],"collection":[{"href":"https:\/\/eldiariodesanpedro.com.ar\/sitio\/wp-json\/wp\/v2\/posts"}],"about":[{"href":"https:\/\/eldiariodesanpedro.com.ar\/sitio\/wp-json\/wp\/v2\/types\/post"}],"author":[{"embeddable":true,"href":"https:\/\/eldiariodesanpedro.com.ar\/sitio\/wp-json\/wp\/v2\/users\/4"}],"replies":[{"embeddable":true,"href":"https:\/\/eldiariodesanpedro.com.ar\/sitio\/wp-json\/wp\/v2\/comments?post=48931"}],"version-history":[{"count":1,"href":"https:\/\/eldiariodesanpedro.com.ar\/sitio\/wp-json\/wp\/v2\/posts\/48931\/revisions"}],"predecessor-version":[{"id":48933,"href":"https:\/\/eldiariodesanpedro.com.ar\/sitio\/wp-json\/wp\/v2\/posts\/48931\/revisions\/48933"}],"wp:featuredmedia":[{"embeddable":true,"href":"https:\/\/eldiariodesanpedro.com.ar\/sitio\/wp-json\/wp\/v2\/media\/48932"}],"wp:attachment":[{"href":"https:\/\/eldiariodesanpedro.com.ar\/sitio\/wp-json\/wp\/v2\/media?parent=48931"}],"wp:term":[{"taxonomy":"category","embeddable":true,"href":"https:\/\/eldiariodesanpedro.com.ar\/sitio\/wp-json\/wp\/v2\/categories?post=48931"},{"taxonomy":"post_tag","embeddable":true,"href":"https:\/\/eldiariodesanpedro.com.ar\/sitio\/wp-json\/wp\/v2\/tags?post=48931"}],"curies":[{"name":"wp","href":"https:\/\/api.w.org\/{rel}","templated":true}]}}