{"id":48929,"date":"2019-03-13T10:31:09","date_gmt":"2019-03-13T13:31:09","guid":{"rendered":"https:\/\/eldiariodesanpedro.com.ar\/sitio\/?p=48929"},"modified":"2019-03-13T10:31:22","modified_gmt":"2019-03-13T13:31:22","slug":"la-oposicion-presento-un-proyecto-de-comunicacion-por-la-obra-del-jardin-de-banfield","status":"publish","type":"post","link":"https:\/\/eldiariodesanpedro.com.ar\/sitio\/la-oposicion-presento-un-proyecto-de-comunicacion-por-la-obra-del-jardin-de-banfield\/","title":{"rendered":"La oposici\u00f3n presento un proyecto de comunicacion por la obra del jard\u00edn de Banfield"},"content":{"rendered":"<!-- VideographyWP Plugin Message: Automatic video embedding prevented by plugin options. -->\n\n<p>El proyecto se presento luego de los 17 millones de pesos destinados para culminar la obra. Los concejales Martin Baraybar, Florencia Sanchez, Rodolfos  Trelles y Soledad Llul piden explicaciones del monto solicitado.<\/p>\n\n\n\n<figure class=\"wp-block-image\"><img decoding=\"async\" width=\"1024\" height=\"539\" data-attachment-id=\"18143\" data-permalink=\"https:\/\/eldiariodesanpedro.com.ar\/sitio\/comenzo-la-construccion-de-la-plataforma-de-hormigon-del-jardin-del-barrio-banfield\/comenzo-la-construccion-de-la-plataforma-de-hormigon-del-jardin-del-barrio-banfield\/\" data-orig-file=\"https:\/\/eldiariodesanpedro.com.ar\/sitio\/wp-content\/uploads\/2017\/05\/Comenz\u00f3-la-construcci\u00f3n-de-la-plataforma-de-hormig\u00f3n-del-Jard\u00edn-del-barrio-Banfield.jpg\" data-orig-size=\"1122,591\" data-comments-opened=\"1\" data-image-meta=\"{&quot;aperture&quot;:&quot;0&quot;,&quot;credit&quot;:&quot;Fernando Bettendorff&quot;,&quot;camera&quot;:&quot;&quot;,&quot;caption&quot;:&quot;&quot;,&quot;created_timestamp&quot;:&quot;1493923243&quot;,&quot;copyright&quot;:&quot;&quot;,&quot;focal_length&quot;:&quot;0&quot;,&quot;iso&quot;:&quot;0&quot;,&quot;shutter_speed&quot;:&quot;0&quot;,&quot;title&quot;:&quot;&quot;,&quot;orientation&quot;:&quot;0&quot;}\" data-image-title=\"Comenz\u00f3 la construcci\u00f3n de la plataforma de hormig\u00f3n del Jard\u00edn del barrio Banfield\" data-image-description=\"\" data-image-caption=\"\" data-large-file=\"https:\/\/eldiariodesanpedro.com.ar\/sitio\/wp-content\/uploads\/2017\/05\/Comenz\u00f3-la-construcci\u00f3n-de-la-plataforma-de-hormig\u00f3n-del-Jard\u00edn-del-barrio-Banfield-1024x539.jpg\" data-src=\"https:\/\/eldiariodesanpedro.com.ar\/sitio\/wp-content\/uploads\/2017\/05\/Comenz\u00f3-la-construcci\u00f3n-de-la-plataforma-de-hormig\u00f3n-del-Jard\u00edn-del-barrio-Banfield-1024x539.jpg\" alt=\"\" class=\"wp-image-18143 lazyload\" data-srcset=\"https:\/\/eldiariodesanpedro.com.ar\/sitio\/wp-content\/uploads\/2017\/05\/Comenz\u00f3-la-construcci\u00f3n-de-la-plataforma-de-hormig\u00f3n-del-Jard\u00edn-del-barrio-Banfield-1024x539.jpg 1024w, https:\/\/eldiariodesanpedro.com.ar\/sitio\/wp-content\/uploads\/2017\/05\/Comenz\u00f3-la-construcci\u00f3n-de-la-plataforma-de-hormig\u00f3n-del-Jard\u00edn-del-barrio-Banfield-300x158.jpg 300w, https:\/\/eldiariodesanpedro.com.ar\/sitio\/wp-content\/uploads\/2017\/05\/Comenz\u00f3-la-construcci\u00f3n-de-la-plataforma-de-hormig\u00f3n-del-Jard\u00edn-del-barrio-Banfield-768x405.jpg 768w, https:\/\/eldiariodesanpedro.com.ar\/sitio\/wp-content\/uploads\/2017\/05\/Comenz\u00f3-la-construcci\u00f3n-de-la-plataforma-de-hormig\u00f3n-del-Jard\u00edn-del-barrio-Banfield-390x205.jpg 390w, https:\/\/eldiariodesanpedro.com.ar\/sitio\/wp-content\/uploads\/2017\/05\/Comenz\u00f3-la-construcci\u00f3n-de-la-plataforma-de-hormig\u00f3n-del-Jard\u00edn-del-barrio-Banfield.jpg 1122w\" data-sizes=\"(max-width: 1024px) 100vw, 1024px\" src=\"data:image\/svg+xml;base64,PHN2ZyB3aWR0aD0iMSIgaGVpZ2h0PSIxIiB4bWxucz0iaHR0cDovL3d3dy53My5vcmcvMjAwMC9zdmciPjwvc3ZnPg==\" style=\"--smush-placeholder-width: 1024px; --smush-placeholder-aspect-ratio: 1024\/539;\" \/><\/figure>\n\n\n\n<p>\u00abEs mucho mas de lo que se pidi\u00f3 en el comienzo, necesitamos que expliquen porque la diferencia\u00bb expresaba uno de los concejales del Frente Renovador &#8211; Unidad Ciudadana en un medio radial.<\/p>\n\n\n\n<p>El proyecto de comunicacion indica que  para culminar el 35% de la obra se gastara 97,68% m\u00e1s del presupuesto licitado, exigen al ejecutivo una explicaci\u00f3n de la diferencia econ\u00f3mica.<\/p>\n","protected":false},"excerpt":{"rendered":"<p>El proyecto se presento luego de los 17 millones de pesos destinados para culminar la obra. Los concejales Martin Baraybar, Florencia Sanchez, Rodolfos Trelles y Soledad Llul piden explicaciones del monto solicitado. \u00abEs mucho mas de lo que se pidi\u00f3 en el comienzo, necesitamos que expliquen porque la diferencia\u00bb expresaba uno de los concejales del [&hellip;]<\/p>\n","protected":false},"author":4,"featured_media":47961,"comment_status":"open","ping_status":"closed","sticky":false,"template":"","format":"standard","meta":{"om_disable_all_campaigns":false,"_jetpack_memberships_contains_paid_content":false,"footnotes":""},"categories":[2,102],"tags":[],"class_list":["post-48929","post","type-post","status-publish","format-standard","has-post-thumbnail","hentry","category-locales","category-politica-locales"],"aioseo_notices":[],"gutentor_comment":0,"jetpack_featured_media_url":"https:\/\/eldiariodesanpedro.com.ar\/sitio\/wp-content\/uploads\/2019\/02\/jardin_de_banfield_0_0.jpg","jetpack_shortlink":"https:\/\/wp.me\/p6RhLt-cJb","jetpack_sharing_enabled":true,"_links":{"self":[{"href":"https:\/\/eldiariodesanpedro.com.ar\/sitio\/wp-json\/wp\/v2\/posts\/48929","targetHints":{"allow":["GET"]}}],"collection":[{"href":"https:\/\/eldiariodesanpedro.com.ar\/sitio\/wp-json\/wp\/v2\/posts"}],"about":[{"href":"https:\/\/eldiariodesanpedro.com.ar\/sitio\/wp-json\/wp\/v2\/types\/post"}],"author":[{"embeddable":true,"href":"https:\/\/eldiariodesanpedro.com.ar\/sitio\/wp-json\/wp\/v2\/users\/4"}],"replies":[{"embeddable":true,"href":"https:\/\/eldiariodesanpedro.com.ar\/sitio\/wp-json\/wp\/v2\/comments?post=48929"}],"version-history":[{"count":1,"href":"https:\/\/eldiariodesanpedro.com.ar\/sitio\/wp-json\/wp\/v2\/posts\/48929\/revisions"}],"predecessor-version":[{"id":48944,"href":"https:\/\/eldiariodesanpedro.com.ar\/sitio\/wp-json\/wp\/v2\/posts\/48929\/revisions\/48944"}],"wp:featuredmedia":[{"embeddable":true,"href":"https:\/\/eldiariodesanpedro.com.ar\/sitio\/wp-json\/wp\/v2\/media\/47961"}],"wp:attachment":[{"href":"https:\/\/eldiariodesanpedro.com.ar\/sitio\/wp-json\/wp\/v2\/media?parent=48929"}],"wp:term":[{"taxonomy":"category","embeddable":true,"href":"https:\/\/eldiariodesanpedro.com.ar\/sitio\/wp-json\/wp\/v2\/categories?post=48929"},{"taxonomy":"post_tag","embeddable":true,"href":"https:\/\/eldiariodesanpedro.com.ar\/sitio\/wp-json\/wp\/v2\/tags?post=48929"}],"curies":[{"name":"wp","href":"https:\/\/api.w.org\/{rel}","templated":true}]}}