{"id":48920,"date":"2019-03-13T10:00:01","date_gmt":"2019-03-13T13:00:01","guid":{"rendered":"https:\/\/eldiariodesanpedro.com.ar\/sitio\/?p=48920"},"modified":"2019-03-13T10:00:08","modified_gmt":"2019-03-13T13:00:08","slug":"paritaria-municipal-no-podemos-hipotecar-el-municipio-no-hay-una-propuesta-mejor-por-parte-del-ejecutivo","status":"publish","type":"post","link":"https:\/\/eldiariodesanpedro.com.ar\/sitio\/paritaria-municipal-no-podemos-hipotecar-el-municipio-no-hay-una-propuesta-mejor-por-parte-del-ejecutivo\/","title":{"rendered":"Paritaria Municipal: \u00abNo podemos hipotecar el municipio, no hay una propuesta mejor por parte del ejecutivo\u00bb"},"content":{"rendered":"<!-- VideographyWP Plugin Message: Automatic video embedding prevented by plugin options. -->\n\n<p>En la reuni\u00f3n que se realizo este martes  las autoridades municipales ofrecieran un 22% de aumento en cuotas, contra el 38 con cl\u00e1usula gatillo reclamado por los gremios. Rodriguez, Secretario de econom\u00eda dejo en claro que no va haber una propuesta mejor por parte del ejecutivo.<\/p>\n\n\n\n<p>El debate se abri\u00f3 de inmediato, los sindicatos no aceptar\u00edan la propuesta y  es muy probable que se tome una medida de fuerza, confirmaba Gustavo Gauna, secretario de ATE,  a este medio.<\/p>\n\n\n\n<p>Cuando el Jefe Comunal hablo en su discurso de apertura de sesiones este 1 de marzo donde remarco que el ejercicio presupuestario tenia un super habit de 73 millones de pesos, los gremios consideraron  que seria posible entonces recuperar mas del 15% de poder adquisitivo perdido el a\u00f1o pasado, pero no pudo ser as\u00ed.<\/p>\n\n\n\n<p>Rodriguez, explicaba que con referencia al pedido de los gremios que \u00abno nos olvidemos que el super habit fue en realidad de 72 millones, pero tenemos una deuda pasada de 80 millones, estamos abajo todav\u00eda, el 2017 fue un a\u00f1o ca\u00f3tico;  hicimos ajustes de horas extras a los empleados, hab\u00eda meses que se pagaban 15 mil horas y hoy pudimos reducir a 8, esta propuesta tuvo efecto positivo donde se redujo gran parte de los gastos del municipio\u00bb<\/p>\n\n\n\n<p>\u00abNo estamos tan lejos,lo que ofrecemos es u 6% en lo inmediato que va a durar hasta junio, tratamos de conciliar, buscamos un numero que pueda paliar el aumento de tarifas y alimentos, creemos tambi\u00e9n que en abril la inflaci\u00f3n termine en un 30% o menos, por lo pronto no podemos hipotecar el municipio, si ocurre lo mismo que el a\u00f1o pasado estar\u00edamos pagando un 50% mas que es imposible\u00bb<\/p>\n\n\n\n<p>Al culminar la nota con este medio resalto \u00abno va haber una propuesta mejor de parte del ejecutivo\u00bb.<\/p>\n\n\n\n<p><\/p>\n","protected":false},"excerpt":{"rendered":"<p>En la reuni\u00f3n que se realizo este martes las autoridades municipales ofrecieran un 22% de aumento en cuotas, contra el 38 con cl\u00e1usula gatillo reclamado por los gremios. Rodriguez, Secretario de econom\u00eda dejo en claro que no va haber una propuesta mejor por parte del ejecutivo. El debate se abri\u00f3 de inmediato, los sindicatos no [&hellip;]<\/p>\n","protected":false},"author":4,"featured_media":265,"comment_status":"open","ping_status":"closed","sticky":false,"template":"","format":"standard","meta":{"om_disable_all_campaigns":false,"_jetpack_memberships_contains_paid_content":false,"footnotes":""},"categories":[50,2,102],"tags":[],"class_list":["post-48920","post","type-post","status-publish","format-standard","has-post-thumbnail","hentry","category-destacadas","category-locales","category-politica-locales"],"aioseo_notices":[],"gutentor_comment":0,"jetpack_featured_media_url":"https:\/\/eldiariodesanpedro.com.ar\/sitio\/wp-content\/uploads\/2015\/11\/Municipalidad-11.jpg","jetpack_shortlink":"https:\/\/wp.me\/p6RhLt-cJ2","jetpack_sharing_enabled":true,"_links":{"self":[{"href":"https:\/\/eldiariodesanpedro.com.ar\/sitio\/wp-json\/wp\/v2\/posts\/48920","targetHints":{"allow":["GET"]}}],"collection":[{"href":"https:\/\/eldiariodesanpedro.com.ar\/sitio\/wp-json\/wp\/v2\/posts"}],"about":[{"href":"https:\/\/eldiariodesanpedro.com.ar\/sitio\/wp-json\/wp\/v2\/types\/post"}],"author":[{"embeddable":true,"href":"https:\/\/eldiariodesanpedro.com.ar\/sitio\/wp-json\/wp\/v2\/users\/4"}],"replies":[{"embeddable":true,"href":"https:\/\/eldiariodesanpedro.com.ar\/sitio\/wp-json\/wp\/v2\/comments?post=48920"}],"version-history":[{"count":1,"href":"https:\/\/eldiariodesanpedro.com.ar\/sitio\/wp-json\/wp\/v2\/posts\/48920\/revisions"}],"predecessor-version":[{"id":48921,"href":"https:\/\/eldiariodesanpedro.com.ar\/sitio\/wp-json\/wp\/v2\/posts\/48920\/revisions\/48921"}],"wp:featuredmedia":[{"embeddable":true,"href":"https:\/\/eldiariodesanpedro.com.ar\/sitio\/wp-json\/wp\/v2\/media\/265"}],"wp:attachment":[{"href":"https:\/\/eldiariodesanpedro.com.ar\/sitio\/wp-json\/wp\/v2\/media?parent=48920"}],"wp:term":[{"taxonomy":"category","embeddable":true,"href":"https:\/\/eldiariodesanpedro.com.ar\/sitio\/wp-json\/wp\/v2\/categories?post=48920"},{"taxonomy":"post_tag","embeddable":true,"href":"https:\/\/eldiariodesanpedro.com.ar\/sitio\/wp-json\/wp\/v2\/tags?post=48920"}],"curies":[{"name":"wp","href":"https:\/\/api.w.org\/{rel}","templated":true}]}}