{"id":48916,"date":"2019-03-13T09:30:40","date_gmt":"2019-03-13T12:30:40","guid":{"rendered":"https:\/\/eldiariodesanpedro.com.ar\/sitio\/?p=48916"},"modified":"2019-03-13T09:30:49","modified_gmt":"2019-03-13T12:30:49","slug":"ganaderia-bovina-en-el-area-de-influencia-de-la-eea-inta-san-pedro","status":"publish","type":"post","link":"https:\/\/eldiariodesanpedro.com.ar\/sitio\/ganaderia-bovina-en-el-area-de-influencia-de-la-eea-inta-san-pedro\/","title":{"rendered":"Ganader\u00eda bovina en el \u00e1rea de influencia de la EEA INTA San Pedro"},"content":{"rendered":"<!-- VideographyWP Plugin Message: Automatic video embedding prevented by plugin options. -->\n\n<p>Qu\u00e9 nos est\u00e1 dejando este verano 2018-2019 y qu\u00e9 se espera para el oto\u00f1o 2019 en la actividad ganadera bovina en la zona de influencia de la Estaci\u00f3n Experimental Agropecuaria (EEA) de INTA San Pedro, en el Noreste Bonaerense. <\/p>\n\n\n\n<p>A continuaci\u00f3n, algunas recomendaciones sobre sanidad, nutrici\u00f3n y manejo. Las condiciones ambientales y las abundantes lluvias registradas durante el \u00faltimo periodo del a\u00f1o (ver Figura 1) son factores predisponentes para la presentaci\u00f3n de casos cl\u00ednicos de parasitosis gastrointestinal. Los nematodos gastrointestinales (NGI) cumplen una fase de su ciclo en los animales -fase parasitaria- y otra que se desarrolla en el medio ambiente hasta alcanzar los estadios infectantes que ser\u00e1n ingeridos con el pasto -fase de vida libre-. <\/p>\n\n\n\n<p>Los animales alojan solamente un 5 a 10 % de los par\u00e1sitos del sistema de producci\u00f3n, mientras que el resto se encuentran en el medio ambiente y su desarrollo y supervivencia se encuentra fuertemente influenciado por el clima. Las larvas infestivas de los NGI son liberadas desde las bostas y arrastradas hacia el pasto, quedando disponibles para que los animales las ingieran junto con el forraje presente. Esta situaci\u00f3n se magnifica ante una inundaci\u00f3n donde se reduce dr\u00e1sticamente la superficie efectiva de pastoreo, aumentando la exposici\u00f3n y concentraci\u00f3n de larvas por superficie disponible de pastoreo y el riesgo de sobrepastoreo. <\/p>\n\n\n\n<p>Si adem\u00e1s se suma que durante el verano el estado de madurez de los pastos suele ser avanzado -se encuentran en etapa de floraci\u00f3n y\/o semillaz\u00f3n, presentado una mayor proporci\u00f3n de tallo (pared), de baja digestibilidad-, provocando un excesivo llenado g\u00e1strico y enlentecimiento del tr\u00e1nsito gastrointestinal, con la consecuente disminuci\u00f3n en el consumo de forraje y ganancias diarias de peso (GDP). <\/p>\n\n\n\n<p>Es importante tener en cuenta que todas estas situaciones se potencian e incrementan el riesgo en aquellas categor\u00edas de animales menores al a\u00f1o y medio de vida, que necesitan obtener alimentos -forrajes- de calidad y en cantidad suficiente para cubrir sus altos requerimientos, y lograr un adecuado desarrollo y comportamiento productivo y por ser estas las categor\u00edas naturalmente m\u00e1s susceptibles a las parasitosis por no haber aun adquirido inmunidad suficiente.   <\/p>\n\n\n\n<figure class=\"wp-block-image\"><img decoding=\"async\" width=\"800\" height=\"601\" data-attachment-id=\"48917\" data-permalink=\"https:\/\/eldiariodesanpedro.com.ar\/sitio\/ganaderia-bovina-en-el-area-de-influencia-de-la-eea-inta-san-pedro\/unnamed-76\/\" data-orig-file=\"https:\/\/eldiariodesanpedro.com.ar\/sitio\/wp-content\/uploads\/2019\/03\/unnamed-2.jpg\" data-orig-size=\"800,601\" data-comments-opened=\"1\" data-image-meta=\"{&quot;aperture&quot;:&quot;0&quot;,&quot;credit&quot;:&quot;&quot;,&quot;camera&quot;:&quot;&quot;,&quot;caption&quot;:&quot;&quot;,&quot;created_timestamp&quot;:&quot;0&quot;,&quot;copyright&quot;:&quot;&quot;,&quot;focal_length&quot;:&quot;0&quot;,&quot;iso&quot;:&quot;0&quot;,&quot;shutter_speed&quot;:&quot;0&quot;,&quot;title&quot;:&quot;&quot;,&quot;orientation&quot;:&quot;0&quot;}\" data-image-title=\"unnamed\" data-image-description=\"\" data-image-caption=\"\" data-large-file=\"https:\/\/eldiariodesanpedro.com.ar\/sitio\/wp-content\/uploads\/2019\/03\/unnamed-2.jpg\" data-src=\"https:\/\/eldiariodesanpedro.com.ar\/sitio\/wp-content\/uploads\/2019\/03\/unnamed-2.jpg\" alt=\"\" class=\"wp-image-48917 lazyload\" data-srcset=\"https:\/\/eldiariodesanpedro.com.ar\/sitio\/wp-content\/uploads\/2019\/03\/unnamed-2.jpg 800w, https:\/\/eldiariodesanpedro.com.ar\/sitio\/wp-content\/uploads\/2019\/03\/unnamed-2-300x225.jpg 300w, https:\/\/eldiariodesanpedro.com.ar\/sitio\/wp-content\/uploads\/2019\/03\/unnamed-2-768x577.jpg 768w\" data-sizes=\"(max-width: 800px) 100vw, 800px\" src=\"data:image\/svg+xml;base64,PHN2ZyB3aWR0aD0iMSIgaGVpZ2h0PSIxIiB4bWxucz0iaHR0cDovL3d3dy53My5vcmcvMjAwMC9zdmciPjwvc3ZnPg==\" style=\"--smush-placeholder-width: 800px; --smush-placeholder-aspect-ratio: 800\/601;\" \/><\/figure>\n","protected":false},"excerpt":{"rendered":"<p>Qu\u00e9 nos est\u00e1 dejando este verano 2018-2019 y qu\u00e9 se espera para el oto\u00f1o 2019 en la actividad ganadera bovina en la zona de influencia de la Estaci\u00f3n Experimental Agropecuaria (EEA) de INTA San Pedro, en el Noreste Bonaerense. A continuaci\u00f3n, algunas recomendaciones sobre sanidad, nutrici\u00f3n y manejo. Las condiciones ambientales y las abundantes lluvias [&hellip;]<\/p>\n","protected":false},"author":4,"featured_media":48917,"comment_status":"open","ping_status":"closed","sticky":false,"template":"","format":"standard","meta":{"om_disable_all_campaigns":false,"_jetpack_memberships_contains_paid_content":false,"footnotes":""},"categories":[101,2],"tags":[],"class_list":["post-48916","post","type-post","status-publish","format-standard","has-post-thumbnail","hentry","category-interes-general-locales","category-locales"],"aioseo_notices":[],"gutentor_comment":0,"jetpack_featured_media_url":"https:\/\/eldiariodesanpedro.com.ar\/sitio\/wp-content\/uploads\/2019\/03\/unnamed-2.jpg","jetpack_shortlink":"https:\/\/wp.me\/p6RhLt-cIY","jetpack_sharing_enabled":true,"_links":{"self":[{"href":"https:\/\/eldiariodesanpedro.com.ar\/sitio\/wp-json\/wp\/v2\/posts\/48916","targetHints":{"allow":["GET"]}}],"collection":[{"href":"https:\/\/eldiariodesanpedro.com.ar\/sitio\/wp-json\/wp\/v2\/posts"}],"about":[{"href":"https:\/\/eldiariodesanpedro.com.ar\/sitio\/wp-json\/wp\/v2\/types\/post"}],"author":[{"embeddable":true,"href":"https:\/\/eldiariodesanpedro.com.ar\/sitio\/wp-json\/wp\/v2\/users\/4"}],"replies":[{"embeddable":true,"href":"https:\/\/eldiariodesanpedro.com.ar\/sitio\/wp-json\/wp\/v2\/comments?post=48916"}],"version-history":[{"count":1,"href":"https:\/\/eldiariodesanpedro.com.ar\/sitio\/wp-json\/wp\/v2\/posts\/48916\/revisions"}],"predecessor-version":[{"id":48918,"href":"https:\/\/eldiariodesanpedro.com.ar\/sitio\/wp-json\/wp\/v2\/posts\/48916\/revisions\/48918"}],"wp:featuredmedia":[{"embeddable":true,"href":"https:\/\/eldiariodesanpedro.com.ar\/sitio\/wp-json\/wp\/v2\/media\/48917"}],"wp:attachment":[{"href":"https:\/\/eldiariodesanpedro.com.ar\/sitio\/wp-json\/wp\/v2\/media?parent=48916"}],"wp:term":[{"taxonomy":"category","embeddable":true,"href":"https:\/\/eldiariodesanpedro.com.ar\/sitio\/wp-json\/wp\/v2\/categories?post=48916"},{"taxonomy":"post_tag","embeddable":true,"href":"https:\/\/eldiariodesanpedro.com.ar\/sitio\/wp-json\/wp\/v2\/tags?post=48916"}],"curies":[{"name":"wp","href":"https:\/\/api.w.org\/{rel}","templated":true}]}}