{"id":48879,"date":"2019-03-13T10:06:02","date_gmt":"2019-03-13T13:06:02","guid":{"rendered":"https:\/\/eldiariodesanpedro.com.ar\/sitio\/?p=48879"},"modified":"2019-03-13T10:06:02","modified_gmt":"2019-03-13T13:06:02","slug":"renovacion-de-la-comision-directiva-del-centro-de-comercio-industria-y-turismo-2","status":"publish","type":"post","link":"https:\/\/eldiariodesanpedro.com.ar\/sitio\/renovacion-de-la-comision-directiva-del-centro-de-comercio-industria-y-turismo-2\/","title":{"rendered":"Renovaci\u00f3n de la Comisi\u00f3n Directiva del Centro de Comercio Industria y Turismo"},"content":{"rendered":"<!-- VideographyWP Plugin Message: Automatic video embedding prevented by plugin options. -->\n\n<p>\n\nEn el Auditorio H\u00e9ctor Padula del Centro de Comercio Industria y Turismo, miembros de la comisi\u00f3n directiva y socios, participaron de la asamblea anual ordinaria correspondiente al \u00faltimo ejercicio, en la que adem\u00e1s se renovaron autoridades.&nbsp;<\/p>\n\n\n\n<p>En la Memoria presentada se detallaron las acciones, gestiones y obras realizadas durante el per\u00edodo de referencia, apuntando entre otros asuntos, las reuniones mantenidas con otras instituciones, gobierno y entidades del comercio la industria y el turismo, para acompa\u00f1ar los temas que se fueron planteando durante el a\u00f1o.&nbsp;&nbsp;<\/p>\n\n\n\n<p>El balance explicado por el Contador Hern\u00e1n Abat\u00e1ngelo, present\u00f3 la situaci\u00f3n general de la entidad que mantiene un funcionamiento prolijo y equilibrado, respetando todos sus compromisos con el personal y con las obligaciones que le corresponden.&nbsp;<\/p>\n\n\n\n<p>Para la renovaci\u00f3n de la Comisi\u00f3n Directiva se present\u00f3 una sola lista encabezada por Ra\u00fal Cheyllada quien sucede a Mauro Troilo al frente de la instituci\u00f3n.&nbsp;&nbsp;<\/p>\n\n\n\n<p>Antes de la aprobaci\u00f3n de la Memoria y el Balance, Mauro Troilo agradeci\u00f3 a sus compa\u00f1eros de gesti\u00f3n durante estos dos a\u00f1os y comprometi\u00f3 su continuidad, colaborando para la entidad, especialmente desde la C\u00e1mara de Turismo que funciona en el \u00e1mbito del Centro y con la que existen muchos proyectos.&nbsp;<\/p>\n\n\n\n<p>Antes de cerrar la asamblea, el nuevo presidente Ra\u00fal Cheyllada expres\u00f3 su satisfacci\u00f3n por esta oportunidad, reconoci\u00f3 la tarea de Troilo y de los directivos que aceptan involucrarse en el \u00e1mbito institucional relegando a veces cuestiones personales o profesionales para sumarse a estas actividades.&nbsp;<\/p>\n\n\n\n<p>Anticipando algunos de los temas sobre los que se pretende trabajar en esta nueva etapa, Cheyllada se\u00f1al\u00f3 que el Centro de Comercio \u00abser\u00e1 una entidad de puertas abiertas\u00bb.&nbsp;&nbsp;<\/p>\n\n\n\n<p>Expres\u00f3 que \u00aben el contexto de problem\u00e1ticas delicadas como las que se atraviesan, la mejor de las soluciones posibles es la cooperaci\u00f3n e integraci\u00f3n y la convergencia que nos haga ser m\u00e1s asociativos, convencidos de que no podemos crecer en soledad\u00bb.&nbsp; &nbsp;<\/p>\n\n\n\n<p>Dijo adem\u00e1s que \u00abel Centro de Comercio deber\u00e1 entender las soluciones no s\u00f3lo compartiendo problemas, sino tambi\u00e9n desarrollando nuevas ideas, en un contexto moderno para anticiparnos a las variables de cambio,&nbsp; diagnosticar acciones y contribuir a los sectores industriales, comerciales, de servicios y tur\u00edsticos que representamos\u00bb.&nbsp;&nbsp;<\/p>\n\n\n\n<p>La Comisi\u00f3n Directiva con mandando 2019-2020 qued\u00f3 conformada de la siguiente manera<br><strong>Presidente: Ra\u00fal Cheyllada<\/strong>Vicepresidente: An\u00edbal RighettiSecretario: N\u00e9stor CasalTesorero: Roberto SeregniProtesorero: Sandro DottiVocal 1\u00ba: H\u00e9ctor AllegroneVocal 2\u00ba: Daniel BisciaVocal 3\u00ba: Marta RonteVocal 4\u00ba: Ra\u00fal FullanaVocal Suplente 1\u00ba: Alejandro PozziVocal Suplente 2\u00ba: Rafael GomilaVocal Suplente 3\u00ba: Hugo AvalosVocal Suplente 4\u00ba\u00a0 Marcelo MomoRevisor de Cuentas: Ricardo FerrariRevisor de Cuentas: Silvia Sp\u00f3sitoRevisor de Cuentas: Roque D\u00edaz <\/p>\n\n\n\n<figure class=\"wp-block-image\"><img decoding=\"async\" width=\"1280\" height=\"622\" data-attachment-id=\"48922\" data-permalink=\"https:\/\/eldiariodesanpedro.com.ar\/sitio\/renovacion-de-la-comision-directiva-del-centro-de-comercio-industria-y-turismo-2\/asamblea-2019-presidente-r-cheyllada-4-2\/\" data-orig-file=\"https:\/\/eldiariodesanpedro.com.ar\/sitio\/wp-content\/uploads\/2019\/03\/Asamblea-2019-Presidente-R.-Cheyllada-4-1.jpeg\" data-orig-size=\"1280,622\" data-comments-opened=\"1\" data-image-meta=\"{&quot;aperture&quot;:&quot;0&quot;,&quot;credit&quot;:&quot;&quot;,&quot;camera&quot;:&quot;&quot;,&quot;caption&quot;:&quot;&quot;,&quot;created_timestamp&quot;:&quot;0&quot;,&quot;copyright&quot;:&quot;&quot;,&quot;focal_length&quot;:&quot;0&quot;,&quot;iso&quot;:&quot;0&quot;,&quot;shutter_speed&quot;:&quot;0&quot;,&quot;title&quot;:&quot;&quot;,&quot;orientation&quot;:&quot;0&quot;}\" data-image-title=\"Asamblea 2019 &amp;#8211; Presidente R. Cheyllada (4)\" data-image-description=\"\" data-image-caption=\"\" data-large-file=\"https:\/\/eldiariodesanpedro.com.ar\/sitio\/wp-content\/uploads\/2019\/03\/Asamblea-2019-Presidente-R.-Cheyllada-4-1-1024x498.jpeg\" data-src=\"https:\/\/i2.wp.com\/eldiariodesanpedro.com.ar\/sitio\/wp-content\/uploads\/2019\/03\/Asamblea-2019-Presidente-R.-Cheyllada-4-1.jpeg?fit=660%2C321\" alt=\"\" class=\"wp-image-48922 lazyload\" data-srcset=\"https:\/\/eldiariodesanpedro.com.ar\/sitio\/wp-content\/uploads\/2019\/03\/Asamblea-2019-Presidente-R.-Cheyllada-4-1.jpeg 1280w, https:\/\/eldiariodesanpedro.com.ar\/sitio\/wp-content\/uploads\/2019\/03\/Asamblea-2019-Presidente-R.-Cheyllada-4-1-300x146.jpeg 300w, https:\/\/eldiariodesanpedro.com.ar\/sitio\/wp-content\/uploads\/2019\/03\/Asamblea-2019-Presidente-R.-Cheyllada-4-1-768x373.jpeg 768w, https:\/\/eldiariodesanpedro.com.ar\/sitio\/wp-content\/uploads\/2019\/03\/Asamblea-2019-Presidente-R.-Cheyllada-4-1-1024x498.jpeg 1024w\" data-sizes=\"(max-width: 1280px) 100vw, 1280px\" src=\"data:image\/svg+xml;base64,PHN2ZyB3aWR0aD0iMSIgaGVpZ2h0PSIxIiB4bWxucz0iaHR0cDovL3d3dy53My5vcmcvMjAwMC9zdmciPjwvc3ZnPg==\" style=\"--smush-placeholder-width: 1280px; --smush-placeholder-aspect-ratio: 1280\/622;\" \/><\/figure>\n\n\n\n<figure class=\"wp-block-image\"><img decoding=\"async\" width=\"1280\" height=\"622\" data-attachment-id=\"48923\" data-permalink=\"https:\/\/eldiariodesanpedro.com.ar\/sitio\/renovacion-de-la-comision-directiva-del-centro-de-comercio-industria-y-turismo-2\/asamblea-2019-presidente-r-cheyllada-8-2\/\" data-orig-file=\"https:\/\/eldiariodesanpedro.com.ar\/sitio\/wp-content\/uploads\/2019\/03\/Asamblea-2019-Presidente-R.-Cheyllada-8-1.jpeg\" data-orig-size=\"1280,622\" data-comments-opened=\"1\" data-image-meta=\"{&quot;aperture&quot;:&quot;0&quot;,&quot;credit&quot;:&quot;&quot;,&quot;camera&quot;:&quot;&quot;,&quot;caption&quot;:&quot;&quot;,&quot;created_timestamp&quot;:&quot;0&quot;,&quot;copyright&quot;:&quot;&quot;,&quot;focal_length&quot;:&quot;0&quot;,&quot;iso&quot;:&quot;0&quot;,&quot;shutter_speed&quot;:&quot;0&quot;,&quot;title&quot;:&quot;&quot;,&quot;orientation&quot;:&quot;0&quot;}\" data-image-title=\"Asamblea 2019 &amp;#8211; Presidente R. Cheyllada (8)\" data-image-description=\"\" data-image-caption=\"\" data-large-file=\"https:\/\/eldiariodesanpedro.com.ar\/sitio\/wp-content\/uploads\/2019\/03\/Asamblea-2019-Presidente-R.-Cheyllada-8-1-1024x498.jpeg\" data-src=\"https:\/\/i2.wp.com\/eldiariodesanpedro.com.ar\/sitio\/wp-content\/uploads\/2019\/03\/Asamblea-2019-Presidente-R.-Cheyllada-8-1.jpeg?fit=660%2C321\" alt=\"\" class=\"wp-image-48923 lazyload\" data-srcset=\"https:\/\/eldiariodesanpedro.com.ar\/sitio\/wp-content\/uploads\/2019\/03\/Asamblea-2019-Presidente-R.-Cheyllada-8-1.jpeg 1280w, https:\/\/eldiariodesanpedro.com.ar\/sitio\/wp-content\/uploads\/2019\/03\/Asamblea-2019-Presidente-R.-Cheyllada-8-1-300x146.jpeg 300w, https:\/\/eldiariodesanpedro.com.ar\/sitio\/wp-content\/uploads\/2019\/03\/Asamblea-2019-Presidente-R.-Cheyllada-8-1-768x373.jpeg 768w, https:\/\/eldiariodesanpedro.com.ar\/sitio\/wp-content\/uploads\/2019\/03\/Asamblea-2019-Presidente-R.-Cheyllada-8-1-1024x498.jpeg 1024w\" data-sizes=\"(max-width: 1280px) 100vw, 1280px\" src=\"data:image\/svg+xml;base64,PHN2ZyB3aWR0aD0iMSIgaGVpZ2h0PSIxIiB4bWxucz0iaHR0cDovL3d3dy53My5vcmcvMjAwMC9zdmciPjwvc3ZnPg==\" style=\"--smush-placeholder-width: 1280px; --smush-placeholder-aspect-ratio: 1280\/622;\" \/><\/figure>\n\n\n\n<figure class=\"wp-block-image\"><img decoding=\"async\" width=\"1280\" height=\"622\" data-attachment-id=\"48924\" data-permalink=\"https:\/\/eldiariodesanpedro.com.ar\/sitio\/renovacion-de-la-comision-directiva-del-centro-de-comercio-industria-y-turismo-2\/asamblea-2019-presidente-r-cheyllada-2-2\/\" data-orig-file=\"https:\/\/eldiariodesanpedro.com.ar\/sitio\/wp-content\/uploads\/2019\/03\/Asamblea-2019-Presidente-R.-Cheyllada-2-1.jpeg\" data-orig-size=\"1280,622\" data-comments-opened=\"1\" data-image-meta=\"{&quot;aperture&quot;:&quot;0&quot;,&quot;credit&quot;:&quot;&quot;,&quot;camera&quot;:&quot;&quot;,&quot;caption&quot;:&quot;&quot;,&quot;created_timestamp&quot;:&quot;0&quot;,&quot;copyright&quot;:&quot;&quot;,&quot;focal_length&quot;:&quot;0&quot;,&quot;iso&quot;:&quot;0&quot;,&quot;shutter_speed&quot;:&quot;0&quot;,&quot;title&quot;:&quot;&quot;,&quot;orientation&quot;:&quot;0&quot;}\" data-image-title=\"Asamblea 2019 &amp;#8211; Presidente R. Cheyllada (2)\" data-image-description=\"\" data-image-caption=\"\" data-large-file=\"https:\/\/eldiariodesanpedro.com.ar\/sitio\/wp-content\/uploads\/2019\/03\/Asamblea-2019-Presidente-R.-Cheyllada-2-1-1024x498.jpeg\" data-src=\"https:\/\/i2.wp.com\/eldiariodesanpedro.com.ar\/sitio\/wp-content\/uploads\/2019\/03\/Asamblea-2019-Presidente-R.-Cheyllada-2-1.jpeg?fit=660%2C321\" alt=\"\" class=\"wp-image-48924 lazyload\" data-srcset=\"https:\/\/eldiariodesanpedro.com.ar\/sitio\/wp-content\/uploads\/2019\/03\/Asamblea-2019-Presidente-R.-Cheyllada-2-1.jpeg 1280w, https:\/\/eldiariodesanpedro.com.ar\/sitio\/wp-content\/uploads\/2019\/03\/Asamblea-2019-Presidente-R.-Cheyllada-2-1-300x146.jpeg 300w, https:\/\/eldiariodesanpedro.com.ar\/sitio\/wp-content\/uploads\/2019\/03\/Asamblea-2019-Presidente-R.-Cheyllada-2-1-768x373.jpeg 768w, https:\/\/eldiariodesanpedro.com.ar\/sitio\/wp-content\/uploads\/2019\/03\/Asamblea-2019-Presidente-R.-Cheyllada-2-1-1024x498.jpeg 1024w\" data-sizes=\"(max-width: 1280px) 100vw, 1280px\" src=\"data:image\/svg+xml;base64,PHN2ZyB3aWR0aD0iMSIgaGVpZ2h0PSIxIiB4bWxucz0iaHR0cDovL3d3dy53My5vcmcvMjAwMC9zdmciPjwvc3ZnPg==\" style=\"--smush-placeholder-width: 1280px; --smush-placeholder-aspect-ratio: 1280\/622;\" \/><\/figure>\n","protected":false},"excerpt":{"rendered":"<p>En el Auditorio H\u00e9ctor Padula del Centro de Comercio Industria y Turismo, miembros de la comisi\u00f3n directiva y socios, participaron de la asamblea anual ordinaria correspondiente al \u00faltimo ejercicio, en la que adem\u00e1s se renovaron autoridades.&nbsp; En la Memoria presentada se detallaron las acciones, gestiones y obras realizadas durante el per\u00edodo de referencia, apuntando entre [&hellip;]<\/p>\n","protected":false},"author":4,"featured_media":48923,"comment_status":"open","ping_status":"closed","sticky":false,"template":"","format":"standard","meta":{"om_disable_all_campaigns":false,"_jetpack_memberships_contains_paid_content":false,"footnotes":""},"categories":[101,2],"tags":[],"class_list":["post-48879","post","type-post","status-publish","format-standard","has-post-thumbnail","hentry","category-interes-general-locales","category-locales"],"aioseo_notices":[],"gutentor_comment":0,"jetpack_featured_media_url":"https:\/\/eldiariodesanpedro.com.ar\/sitio\/wp-content\/uploads\/2019\/03\/Asamblea-2019-Presidente-R.-Cheyllada-8-1.jpeg","jetpack_shortlink":"https:\/\/wp.me\/p6RhLt-cIn","jetpack_sharing_enabled":true,"_links":{"self":[{"href":"https:\/\/eldiariodesanpedro.com.ar\/sitio\/wp-json\/wp\/v2\/posts\/48879","targetHints":{"allow":["GET"]}}],"collection":[{"href":"https:\/\/eldiariodesanpedro.com.ar\/sitio\/wp-json\/wp\/v2\/posts"}],"about":[{"href":"https:\/\/eldiariodesanpedro.com.ar\/sitio\/wp-json\/wp\/v2\/types\/post"}],"author":[{"embeddable":true,"href":"https:\/\/eldiariodesanpedro.com.ar\/sitio\/wp-json\/wp\/v2\/users\/4"}],"replies":[{"embeddable":true,"href":"https:\/\/eldiariodesanpedro.com.ar\/sitio\/wp-json\/wp\/v2\/comments?post=48879"}],"version-history":[{"count":1,"href":"https:\/\/eldiariodesanpedro.com.ar\/sitio\/wp-json\/wp\/v2\/posts\/48879\/revisions"}],"predecessor-version":[{"id":48925,"href":"https:\/\/eldiariodesanpedro.com.ar\/sitio\/wp-json\/wp\/v2\/posts\/48879\/revisions\/48925"}],"wp:featuredmedia":[{"embeddable":true,"href":"https:\/\/eldiariodesanpedro.com.ar\/sitio\/wp-json\/wp\/v2\/media\/48923"}],"wp:attachment":[{"href":"https:\/\/eldiariodesanpedro.com.ar\/sitio\/wp-json\/wp\/v2\/media?parent=48879"}],"wp:term":[{"taxonomy":"category","embeddable":true,"href":"https:\/\/eldiariodesanpedro.com.ar\/sitio\/wp-json\/wp\/v2\/categories?post=48879"},{"taxonomy":"post_tag","embeddable":true,"href":"https:\/\/eldiariodesanpedro.com.ar\/sitio\/wp-json\/wp\/v2\/tags?post=48879"}],"curies":[{"name":"wp","href":"https:\/\/api.w.org\/{rel}","templated":true}]}}