{"id":48867,"date":"2019-03-12T11:24:05","date_gmt":"2019-03-12T14:24:05","guid":{"rendered":"https:\/\/eldiariodesanpedro.com.ar\/sitio\/?p=48867"},"modified":"2019-03-12T11:24:19","modified_gmt":"2019-03-12T14:24:19","slug":"descubren-restos-de-un-oso-gigante-que-habito-la-llanura-pampeana-hace-medio-millon-de-anos","status":"publish","type":"post","link":"https:\/\/eldiariodesanpedro.com.ar\/sitio\/descubren-restos-de-un-oso-gigante-que-habito-la-llanura-pampeana-hace-medio-millon-de-anos\/","title":{"rendered":"Descubren restos de un oso gigante que habit\u00f3 la llanura pampeana hace medio mill\u00f3n de a\u00f1os"},"content":{"rendered":"<!-- VideographyWP Plugin Message: Automatic video embedding prevented by plugin options. -->\n\n<p>El animal camin\u00f3 la\nprovincia de Buenos Aires hace unos 700.000 a\u00f1os. Fue el carn\u00edvoro m\u00e1s poderoso\ndel Cuaternario de Argentina<\/p>\n\n\n\n<p>Los restos fosilizados de un <strong>oso prehist\u00f3rico gigante<\/strong> que camin\u00f3 por\nel norte de la provincia de Buenos Aires, fueron descubiertos por el equipo del\n<strong>Museo Paleontol\u00f3gico de San Pedro<\/strong>, a\n170 km de la capital argentina.<\/p>\n\n\n\n<p>El\ndescubrimiento fue realizado en una cantera de extracci\u00f3n de tosca ubicada a\nunos 4 km de la ciudad, en una capa sedimentaria cuya antig\u00fcedad se estima\nsuperior a los 700.000 a\u00f1os, la cual puede observarse, en la zona, a unos 9\nmetros de profundidad del nivel actual de suelo.&nbsp; <\/p>\n\n\n\n<p>El\nhallazgo sucedi\u00f3 durante una recorrida de rutina que el equipo del Museo\nPaleontol\u00f3gico de San Pedro efectuaba en el predio de la <strong>empresa <em>Tosquera San Pedro SA<\/em><\/strong><em>,<\/em> mientras la misma realizaba tareas de\nextracci\u00f3n de minerales.<\/p>\n\n\n\n<p><strong>Un temible\ncarn\u00edvoro<\/strong><\/p>\n\n\n\n<p>Las\npiezas f\u00f3siles recuperadas corresponden a un macho joven, de unos 800\nkilogramos de peso, de la especie <strong>Arctotherium\nangustidens<\/strong>, un oso prehist\u00f3rico gigante que habit\u00f3 la llanura pampeana\ndurante la edad Ensenadense, correspondiente al Pleistoceno temprano.<\/p>\n\n\n\n<p>Tres\nintegrantes del equipo del Museo de San Pedro, <strong>Jos\u00e9 Luis Aguilar, Mat\u00edas Swistun y Julio Simonini<\/strong>, con la\ncolaboraci\u00f3n del joven <strong>Fausto Capre<\/strong>,\nmaquinista de la empresa propietaria del lugar, fueron los descubridores del\nf\u00f3sil. Lograron detectar y recuperar la pelvis del animal, seis v\u00e9rtebras\narticuladas, parte de uno de los radios y un fragmento de h\u00famero. Pero lo m\u00e1s\nsorprendente del descubrimiento fue el hallazgo del <strong>impresionante cr\u00e1neo del temible animal<\/strong> con sus dos ramas\nmandibulares en perfecto estado de preservaci\u00f3n.<\/p>\n\n\n\n<p>Desde\nel Museo Paleontol\u00f3gico de San Pedro, Aguilar explica que \u201c<strong><em>el cr\u00e1neo de esta bestia es\nasombroso en cuanto a tama\u00f1o y estado de conservaci\u00f3n. Posee colmillos de 6\ncent\u00edmetros de longitud, fuertes y compactos con los que desgarraba la carne de\nsus presas. Las mand\u00edbulas est\u00e1n equipadas con otro par similar de 4,5\ncent\u00edmetros de largo. Los molares de estos terribles animales estaban adaptados\npara cortar tejido muscular y destrozar los huesos de sus v\u00edctimas. <\/em><\/strong><\/p>\n\n\n\n<p><strong><em>Los\nrestos de este ejemplar provienen de un sector donde, hace unos 700.000 a\u00f1os,\nfuncion\u00f3 un importante humedal que actuaba como trampa natural para los animales\nm\u00e1s grandes y pesados que se acercaban a beber o cazar, como en el caso de este\ngran carn\u00edvoro. Ya hemos recuperado restos de m\u00e1s de diez g\u00e9neros de animales\ndiferentes que vivieron en inmediaciones de aquella laguna o pantano y se han\nidentificado esporas y granos de polen de ciertos hongos, algas y vegetales que\nconviv\u00edan con esta asombrosa megafauna. Eso nos permite saber que este oso gigante habit\u00f3\nun ambiente de estepa formada por plantas herb\u00e1ceas, de suelos arenosos,\nrelacionada con cuerpos de agua cercanos.\u201d<\/em><\/strong><\/p>\n\n\n\n<p>El <strong>Dr. Leopoldo Soibelzon<\/strong>, investigador\nindependiente de CONICET y profesor de la Universidad Nacional de La Plata,\ncomenta que \u201c<strong><em>d<\/em><\/strong><strong><em>e\nlas cinco especies de osos sudamericanos, Arctotherium angustidens fue el m\u00e1s\ncarn\u00edvoro y el primero en ser registrado en Am\u00e9rica del Sur. Sus mand\u00edbulas,\ncortas y altas, pod\u00edan ejercer una enorme presi\u00f3n para cortar o quebrar huesos.\nSe ha calculado que la fuerza de mordida de estos osos era de hasta unos 225\nkg, en los molares. Dichos molares eran robustos con crestas cortantes y\nc\u00faspides accesorias, detalles que revelan una dieta omn\u00edvora (como la gran\nmayor\u00eda de los osos) pero con una fuerte tenencia al consumo de carne y hueso,\nlo que obten\u00eda no solo cazando sus presas, sino tambi\u00e9n, disputando el fruto de\nla cacer\u00eda a otros grandes carn\u00edvoros de la \u00e9poca como los tigres dientes de\nsable.<\/em><\/strong><\/p>\n\n\n\n<p><strong><em>Una\ndiversa y particular fauna de osos de gran tama\u00f1o habit\u00f3 Am\u00e9rica del Sur entre\n1,7 millones de a\u00f1os y 11.300 a\u00f1os antes del presente. Por causas que a\u00fan no se\nhan dilucidado, esa diversidad disminuy\u00f3 dr\u00e1sticamente y en la actualidad solo\nvive una especie de oso emparentada con aquellas formas f\u00f3siles: el oso de\nanteojos (T. ornatus), que habita Venezuela, Ecuador, Colombia, Per\u00fa y Bolivia<\/em><\/strong>.\u201d<\/p>\n\n\n\n<p><strong>\u00bfC\u00f3mo llegaron los osos a Am\u00e9rica del Sur?<\/strong><\/p>\n\n\n\n<p>Am\u00e9rica del Sur\nse mantuvo aislada de los otros continentes durante la mayor parte del\nCenozoico. El aislamiento finaliz\u00f3 hace unos 2,8 millones de a\u00f1os, con la\ndesaparici\u00f3n de la barrera marina que exist\u00eda entre el noroeste de Colombia y\nel sur de Panam\u00e1. Luego del establecimiento del istmo de Panam\u00e1, se produjo un\nevento de intercambio faun\u00edstico entre Am\u00e9rica del Norte y Am\u00e9rica del Sur\nconocido como Gran Intercambio Bi\u00f3tico Americano o GABI. La mayor parte de las\nfamilias del orden Carn\u00edvora arribaron a Am\u00e9rica del Sur durante este evento. <\/p>\n\n\n\n<p>En Am\u00e9rica del\nSur, donde no exist\u00edan hasta ese momento carn\u00edvoros placentarios (f\u00e9lidos,\nc\u00e1nidos, \u00farsidos, etc.), los inmigrantes hol\u00e1rticos experimentaron una gran\nradiaci\u00f3n adaptativa que result\u00f3 en la aparici\u00f3n de nuevos g\u00e9neros y especies. <\/p>\n\n\n\n<p>Entre los\ninmigrantes, los osos tremarctinos se diversificaron en Am\u00e9rica del Sur durante\nel Pleistoceno y, excepto una especie, se extinguieron a finales del Lujanense\n(Pleistoceno tard\u00edo) hace unos 10000 a\u00f1os. <\/p>\n\n\n\n<p>El \u00fanico Tremarctinae superviviente, el oso de anteojos, vive actualmente en las cordilleras del oeste de Am\u00e9rica del Sur.<\/p>\n\n\n\n<ul class=\"wp-block-gallery columns-3 is-cropped wp-block-gallery-1 is-layout-flex wp-block-gallery-is-layout-flex\"><li class=\"blocks-gallery-item\"><figure><img decoding=\"async\" width=\"1024\" height=\"576\" data-attachment-id=\"48868\" data-permalink=\"https:\/\/eldiariodesanpedro.com.ar\/sitio\/descubren-restos-de-un-oso-gigante-que-habito-la-llanura-pampeana-hace-medio-millon-de-anos\/whatsapp-image-2019-03-12-at-11-20-48-am-1\/\" data-orig-file=\"https:\/\/eldiariodesanpedro.com.ar\/sitio\/wp-content\/uploads\/2019\/03\/WhatsApp-Image-2019-03-12-at-11.20.48-AM-1.jpeg\" data-orig-size=\"1040,585\" data-comments-opened=\"1\" data-image-meta=\"{&quot;aperture&quot;:&quot;0&quot;,&quot;credit&quot;:&quot;&quot;,&quot;camera&quot;:&quot;&quot;,&quot;caption&quot;:&quot;&quot;,&quot;created_timestamp&quot;:&quot;0&quot;,&quot;copyright&quot;:&quot;&quot;,&quot;focal_length&quot;:&quot;0&quot;,&quot;iso&quot;:&quot;0&quot;,&quot;shutter_speed&quot;:&quot;0&quot;,&quot;title&quot;:&quot;&quot;,&quot;orientation&quot;:&quot;0&quot;}\" data-image-title=\"WhatsApp Image 2019-03-12 at 11.20.48 AM (1)\" data-image-description=\"\" data-image-caption=\"\" data-large-file=\"https:\/\/eldiariodesanpedro.com.ar\/sitio\/wp-content\/uploads\/2019\/03\/WhatsApp-Image-2019-03-12-at-11.20.48-AM-1-1024x576.jpeg\" data-src=\"https:\/\/eldiariodesanpedro.com.ar\/sitio\/wp-content\/uploads\/2019\/03\/WhatsApp-Image-2019-03-12-at-11.20.48-AM-1-1024x576.jpeg\" alt=\"\" data-id=\"48868\" data-link=\"https:\/\/eldiariodesanpedro.com.ar\/sitio\/?attachment_id=48868\" class=\"wp-image-48868 lazyload\" data-srcset=\"https:\/\/eldiariodesanpedro.com.ar\/sitio\/wp-content\/uploads\/2019\/03\/WhatsApp-Image-2019-03-12-at-11.20.48-AM-1-1024x576.jpeg 1024w, https:\/\/eldiariodesanpedro.com.ar\/sitio\/wp-content\/uploads\/2019\/03\/WhatsApp-Image-2019-03-12-at-11.20.48-AM-1-300x169.jpeg 300w, https:\/\/eldiariodesanpedro.com.ar\/sitio\/wp-content\/uploads\/2019\/03\/WhatsApp-Image-2019-03-12-at-11.20.48-AM-1-768x432.jpeg 768w, https:\/\/eldiariodesanpedro.com.ar\/sitio\/wp-content\/uploads\/2019\/03\/WhatsApp-Image-2019-03-12-at-11.20.48-AM-1.jpeg 1040w\" data-sizes=\"(max-width: 1024px) 100vw, 1024px\" src=\"data:image\/svg+xml;base64,PHN2ZyB3aWR0aD0iMSIgaGVpZ2h0PSIxIiB4bWxucz0iaHR0cDovL3d3dy53My5vcmcvMjAwMC9zdmciPjwvc3ZnPg==\" style=\"--smush-placeholder-width: 1024px; --smush-placeholder-aspect-ratio: 1024\/576;\" \/><\/figure><\/li><li class=\"blocks-gallery-item\"><figure><img decoding=\"async\" width=\"1024\" height=\"768\" data-attachment-id=\"48869\" data-permalink=\"https:\/\/eldiariodesanpedro.com.ar\/sitio\/descubren-restos-de-un-oso-gigante-que-habito-la-llanura-pampeana-hace-medio-millon-de-anos\/whatsapp-image-2019-03-12-at-11-20-48-am-2\/\" data-orig-file=\"https:\/\/eldiariodesanpedro.com.ar\/sitio\/wp-content\/uploads\/2019\/03\/WhatsApp-Image-2019-03-12-at-11.20.48-AM-2.jpeg\" data-orig-size=\"1040,780\" data-comments-opened=\"1\" data-image-meta=\"{&quot;aperture&quot;:&quot;0&quot;,&quot;credit&quot;:&quot;&quot;,&quot;camera&quot;:&quot;&quot;,&quot;caption&quot;:&quot;&quot;,&quot;created_timestamp&quot;:&quot;0&quot;,&quot;copyright&quot;:&quot;&quot;,&quot;focal_length&quot;:&quot;0&quot;,&quot;iso&quot;:&quot;0&quot;,&quot;shutter_speed&quot;:&quot;0&quot;,&quot;title&quot;:&quot;&quot;,&quot;orientation&quot;:&quot;0&quot;}\" data-image-title=\"WhatsApp Image 2019-03-12 at 11.20.48 AM (2)\" data-image-description=\"\" data-image-caption=\"\" data-large-file=\"https:\/\/eldiariodesanpedro.com.ar\/sitio\/wp-content\/uploads\/2019\/03\/WhatsApp-Image-2019-03-12-at-11.20.48-AM-2-1024x768.jpeg\" data-src=\"https:\/\/eldiariodesanpedro.com.ar\/sitio\/wp-content\/uploads\/2019\/03\/WhatsApp-Image-2019-03-12-at-11.20.48-AM-2-1024x768.jpeg\" alt=\"\" data-id=\"48869\" data-link=\"https:\/\/eldiariodesanpedro.com.ar\/sitio\/?attachment_id=48869\" class=\"wp-image-48869 lazyload\" data-srcset=\"https:\/\/eldiariodesanpedro.com.ar\/sitio\/wp-content\/uploads\/2019\/03\/WhatsApp-Image-2019-03-12-at-11.20.48-AM-2-1024x768.jpeg 1024w, https:\/\/eldiariodesanpedro.com.ar\/sitio\/wp-content\/uploads\/2019\/03\/WhatsApp-Image-2019-03-12-at-11.20.48-AM-2-300x225.jpeg 300w, https:\/\/eldiariodesanpedro.com.ar\/sitio\/wp-content\/uploads\/2019\/03\/WhatsApp-Image-2019-03-12-at-11.20.48-AM-2-768x576.jpeg 768w, https:\/\/eldiariodesanpedro.com.ar\/sitio\/wp-content\/uploads\/2019\/03\/WhatsApp-Image-2019-03-12-at-11.20.48-AM-2.jpeg 1040w\" data-sizes=\"(max-width: 1024px) 100vw, 1024px\" src=\"data:image\/svg+xml;base64,PHN2ZyB3aWR0aD0iMSIgaGVpZ2h0PSIxIiB4bWxucz0iaHR0cDovL3d3dy53My5vcmcvMjAwMC9zdmciPjwvc3ZnPg==\" style=\"--smush-placeholder-width: 1024px; --smush-placeholder-aspect-ratio: 1024\/768;\" \/><\/figure><\/li><li class=\"blocks-gallery-item\"><figure><img decoding=\"async\" width=\"1024\" height=\"576\" data-attachment-id=\"48870\" data-permalink=\"https:\/\/eldiariodesanpedro.com.ar\/sitio\/descubren-restos-de-un-oso-gigante-que-habito-la-llanura-pampeana-hace-medio-millon-de-anos\/whatsapp-image-2019-03-12-at-11-20-48-am-3\/\" data-orig-file=\"https:\/\/eldiariodesanpedro.com.ar\/sitio\/wp-content\/uploads\/2019\/03\/WhatsApp-Image-2019-03-12-at-11.20.48-AM-3.jpeg\" data-orig-size=\"1040,585\" data-comments-opened=\"1\" data-image-meta=\"{&quot;aperture&quot;:&quot;0&quot;,&quot;credit&quot;:&quot;&quot;,&quot;camera&quot;:&quot;&quot;,&quot;caption&quot;:&quot;&quot;,&quot;created_timestamp&quot;:&quot;0&quot;,&quot;copyright&quot;:&quot;&quot;,&quot;focal_length&quot;:&quot;0&quot;,&quot;iso&quot;:&quot;0&quot;,&quot;shutter_speed&quot;:&quot;0&quot;,&quot;title&quot;:&quot;&quot;,&quot;orientation&quot;:&quot;0&quot;}\" data-image-title=\"WhatsApp Image 2019-03-12 at 11.20.48 AM (3)\" data-image-description=\"\" data-image-caption=\"\" data-large-file=\"https:\/\/eldiariodesanpedro.com.ar\/sitio\/wp-content\/uploads\/2019\/03\/WhatsApp-Image-2019-03-12-at-11.20.48-AM-3-1024x576.jpeg\" data-src=\"https:\/\/eldiariodesanpedro.com.ar\/sitio\/wp-content\/uploads\/2019\/03\/WhatsApp-Image-2019-03-12-at-11.20.48-AM-3-1024x576.jpeg\" alt=\"\" data-id=\"48870\" data-link=\"https:\/\/eldiariodesanpedro.com.ar\/sitio\/?attachment_id=48870\" class=\"wp-image-48870 lazyload\" data-srcset=\"https:\/\/eldiariodesanpedro.com.ar\/sitio\/wp-content\/uploads\/2019\/03\/WhatsApp-Image-2019-03-12-at-11.20.48-AM-3-1024x576.jpeg 1024w, https:\/\/eldiariodesanpedro.com.ar\/sitio\/wp-content\/uploads\/2019\/03\/WhatsApp-Image-2019-03-12-at-11.20.48-AM-3-300x169.jpeg 300w, https:\/\/eldiariodesanpedro.com.ar\/sitio\/wp-content\/uploads\/2019\/03\/WhatsApp-Image-2019-03-12-at-11.20.48-AM-3-768x432.jpeg 768w, https:\/\/eldiariodesanpedro.com.ar\/sitio\/wp-content\/uploads\/2019\/03\/WhatsApp-Image-2019-03-12-at-11.20.48-AM-3.jpeg 1040w\" data-sizes=\"(max-width: 1024px) 100vw, 1024px\" src=\"data:image\/svg+xml;base64,PHN2ZyB3aWR0aD0iMSIgaGVpZ2h0PSIxIiB4bWxucz0iaHR0cDovL3d3dy53My5vcmcvMjAwMC9zdmciPjwvc3ZnPg==\" style=\"--smush-placeholder-width: 1024px; --smush-placeholder-aspect-ratio: 1024\/576;\" \/><\/figure><\/li><li class=\"blocks-gallery-item\"><figure><img decoding=\"async\" width=\"1024\" height=\"768\" data-attachment-id=\"48871\" data-permalink=\"https:\/\/eldiariodesanpedro.com.ar\/sitio\/descubren-restos-de-un-oso-gigante-que-habito-la-llanura-pampeana-hace-medio-millon-de-anos\/whatsapp-image-2019-03-12-at-11-20-48-am-4\/\" data-orig-file=\"https:\/\/eldiariodesanpedro.com.ar\/sitio\/wp-content\/uploads\/2019\/03\/WhatsApp-Image-2019-03-12-at-11.20.48-AM-4.jpeg\" data-orig-size=\"1040,780\" data-comments-opened=\"1\" data-image-meta=\"{&quot;aperture&quot;:&quot;0&quot;,&quot;credit&quot;:&quot;&quot;,&quot;camera&quot;:&quot;&quot;,&quot;caption&quot;:&quot;&quot;,&quot;created_timestamp&quot;:&quot;0&quot;,&quot;copyright&quot;:&quot;&quot;,&quot;focal_length&quot;:&quot;0&quot;,&quot;iso&quot;:&quot;0&quot;,&quot;shutter_speed&quot;:&quot;0&quot;,&quot;title&quot;:&quot;&quot;,&quot;orientation&quot;:&quot;0&quot;}\" data-image-title=\"WhatsApp Image 2019-03-12 at 11.20.48 AM (4)\" data-image-description=\"\" data-image-caption=\"\" data-large-file=\"https:\/\/eldiariodesanpedro.com.ar\/sitio\/wp-content\/uploads\/2019\/03\/WhatsApp-Image-2019-03-12-at-11.20.48-AM-4-1024x768.jpeg\" data-src=\"https:\/\/eldiariodesanpedro.com.ar\/sitio\/wp-content\/uploads\/2019\/03\/WhatsApp-Image-2019-03-12-at-11.20.48-AM-4-1024x768.jpeg\" alt=\"\" data-id=\"48871\" data-link=\"https:\/\/eldiariodesanpedro.com.ar\/sitio\/?attachment_id=48871\" class=\"wp-image-48871 lazyload\" data-srcset=\"https:\/\/eldiariodesanpedro.com.ar\/sitio\/wp-content\/uploads\/2019\/03\/WhatsApp-Image-2019-03-12-at-11.20.48-AM-4-1024x768.jpeg 1024w, https:\/\/eldiariodesanpedro.com.ar\/sitio\/wp-content\/uploads\/2019\/03\/WhatsApp-Image-2019-03-12-at-11.20.48-AM-4-300x225.jpeg 300w, https:\/\/eldiariodesanpedro.com.ar\/sitio\/wp-content\/uploads\/2019\/03\/WhatsApp-Image-2019-03-12-at-11.20.48-AM-4-768x576.jpeg 768w, https:\/\/eldiariodesanpedro.com.ar\/sitio\/wp-content\/uploads\/2019\/03\/WhatsApp-Image-2019-03-12-at-11.20.48-AM-4.jpeg 1040w\" data-sizes=\"(max-width: 1024px) 100vw, 1024px\" src=\"data:image\/svg+xml;base64,PHN2ZyB3aWR0aD0iMSIgaGVpZ2h0PSIxIiB4bWxucz0iaHR0cDovL3d3dy53My5vcmcvMjAwMC9zdmciPjwvc3ZnPg==\" style=\"--smush-placeholder-width: 1024px; --smush-placeholder-aspect-ratio: 1024\/768;\" \/><\/figure><\/li><li class=\"blocks-gallery-item\"><figure><img decoding=\"async\" width=\"1024\" height=\"768\" data-attachment-id=\"48872\" data-permalink=\"https:\/\/eldiariodesanpedro.com.ar\/sitio\/descubren-restos-de-un-oso-gigante-que-habito-la-llanura-pampeana-hace-medio-millon-de-anos\/whatsapp-image-2019-03-12-at-11-20-48-am\/\" data-orig-file=\"https:\/\/eldiariodesanpedro.com.ar\/sitio\/wp-content\/uploads\/2019\/03\/WhatsApp-Image-2019-03-12-at-11.20.48-AM.jpeg\" data-orig-size=\"1040,780\" data-comments-opened=\"1\" data-image-meta=\"{&quot;aperture&quot;:&quot;0&quot;,&quot;credit&quot;:&quot;&quot;,&quot;camera&quot;:&quot;&quot;,&quot;caption&quot;:&quot;&quot;,&quot;created_timestamp&quot;:&quot;0&quot;,&quot;copyright&quot;:&quot;&quot;,&quot;focal_length&quot;:&quot;0&quot;,&quot;iso&quot;:&quot;0&quot;,&quot;shutter_speed&quot;:&quot;0&quot;,&quot;title&quot;:&quot;&quot;,&quot;orientation&quot;:&quot;0&quot;}\" data-image-title=\"WhatsApp Image 2019-03-12 at 11.20.48 AM\" data-image-description=\"\" data-image-caption=\"\" data-large-file=\"https:\/\/eldiariodesanpedro.com.ar\/sitio\/wp-content\/uploads\/2019\/03\/WhatsApp-Image-2019-03-12-at-11.20.48-AM-1024x768.jpeg\" data-src=\"https:\/\/eldiariodesanpedro.com.ar\/sitio\/wp-content\/uploads\/2019\/03\/WhatsApp-Image-2019-03-12-at-11.20.48-AM-1024x768.jpeg\" alt=\"\" data-id=\"48872\" data-link=\"https:\/\/eldiariodesanpedro.com.ar\/sitio\/?attachment_id=48872\" class=\"wp-image-48872 lazyload\" data-srcset=\"https:\/\/eldiariodesanpedro.com.ar\/sitio\/wp-content\/uploads\/2019\/03\/WhatsApp-Image-2019-03-12-at-11.20.48-AM-1024x768.jpeg 1024w, https:\/\/eldiariodesanpedro.com.ar\/sitio\/wp-content\/uploads\/2019\/03\/WhatsApp-Image-2019-03-12-at-11.20.48-AM-300x225.jpeg 300w, https:\/\/eldiariodesanpedro.com.ar\/sitio\/wp-content\/uploads\/2019\/03\/WhatsApp-Image-2019-03-12-at-11.20.48-AM-768x576.jpeg 768w, https:\/\/eldiariodesanpedro.com.ar\/sitio\/wp-content\/uploads\/2019\/03\/WhatsApp-Image-2019-03-12-at-11.20.48-AM.jpeg 1040w\" data-sizes=\"(max-width: 1024px) 100vw, 1024px\" src=\"data:image\/svg+xml;base64,PHN2ZyB3aWR0aD0iMSIgaGVpZ2h0PSIxIiB4bWxucz0iaHR0cDovL3d3dy53My5vcmcvMjAwMC9zdmciPjwvc3ZnPg==\" style=\"--smush-placeholder-width: 1024px; --smush-placeholder-aspect-ratio: 1024\/768;\" \/><\/figure><\/li><li class=\"blocks-gallery-item\"><figure><img decoding=\"async\" width=\"1024\" height=\"768\" data-attachment-id=\"48873\" data-permalink=\"https:\/\/eldiariodesanpedro.com.ar\/sitio\/descubren-restos-de-un-oso-gigante-que-habito-la-llanura-pampeana-hace-medio-millon-de-anos\/whatsapp-image-2019-03-12-at-11-20-49-am\/\" data-orig-file=\"https:\/\/eldiariodesanpedro.com.ar\/sitio\/wp-content\/uploads\/2019\/03\/WhatsApp-Image-2019-03-12-at-11.20.49-AM.jpeg\" data-orig-size=\"1040,780\" data-comments-opened=\"1\" data-image-meta=\"{&quot;aperture&quot;:&quot;0&quot;,&quot;credit&quot;:&quot;&quot;,&quot;camera&quot;:&quot;&quot;,&quot;caption&quot;:&quot;&quot;,&quot;created_timestamp&quot;:&quot;0&quot;,&quot;copyright&quot;:&quot;&quot;,&quot;focal_length&quot;:&quot;0&quot;,&quot;iso&quot;:&quot;0&quot;,&quot;shutter_speed&quot;:&quot;0&quot;,&quot;title&quot;:&quot;&quot;,&quot;orientation&quot;:&quot;0&quot;}\" data-image-title=\"WhatsApp Image 2019-03-12 at 11.20.49 AM\" data-image-description=\"\" data-image-caption=\"\" data-large-file=\"https:\/\/eldiariodesanpedro.com.ar\/sitio\/wp-content\/uploads\/2019\/03\/WhatsApp-Image-2019-03-12-at-11.20.49-AM-1024x768.jpeg\" data-src=\"https:\/\/eldiariodesanpedro.com.ar\/sitio\/wp-content\/uploads\/2019\/03\/WhatsApp-Image-2019-03-12-at-11.20.49-AM-1024x768.jpeg\" alt=\"\" data-id=\"48873\" data-link=\"https:\/\/eldiariodesanpedro.com.ar\/sitio\/?attachment_id=48873\" class=\"wp-image-48873 lazyload\" data-srcset=\"https:\/\/eldiariodesanpedro.com.ar\/sitio\/wp-content\/uploads\/2019\/03\/WhatsApp-Image-2019-03-12-at-11.20.49-AM-1024x768.jpeg 1024w, https:\/\/eldiariodesanpedro.com.ar\/sitio\/wp-content\/uploads\/2019\/03\/WhatsApp-Image-2019-03-12-at-11.20.49-AM-300x225.jpeg 300w, https:\/\/eldiariodesanpedro.com.ar\/sitio\/wp-content\/uploads\/2019\/03\/WhatsApp-Image-2019-03-12-at-11.20.49-AM-768x576.jpeg 768w, https:\/\/eldiariodesanpedro.com.ar\/sitio\/wp-content\/uploads\/2019\/03\/WhatsApp-Image-2019-03-12-at-11.20.49-AM.jpeg 1040w\" data-sizes=\"(max-width: 1024px) 100vw, 1024px\" src=\"data:image\/svg+xml;base64,PHN2ZyB3aWR0aD0iMSIgaGVpZ2h0PSIxIiB4bWxucz0iaHR0cDovL3d3dy53My5vcmcvMjAwMC9zdmciPjwvc3ZnPg==\" style=\"--smush-placeholder-width: 1024px; --smush-placeholder-aspect-ratio: 1024\/768;\" \/><\/figure><\/li><\/ul>\n\n\n\n<p><\/p>\n","protected":false},"excerpt":{"rendered":"<p>El animal camin\u00f3 la provincia de Buenos Aires hace unos 700.000 a\u00f1os. Fue el carn\u00edvoro m\u00e1s poderoso del Cuaternario de Argentina Los restos fosilizados de un oso prehist\u00f3rico gigante que camin\u00f3 por el norte de la provincia de Buenos Aires, fueron descubiertos por el equipo del Museo Paleontol\u00f3gico de San Pedro, a 170 km de [&hellip;]<\/p>\n","protected":false},"author":4,"featured_media":48873,"comment_status":"open","ping_status":"closed","sticky":false,"template":"","format":"standard","meta":{"om_disable_all_campaigns":false,"_jetpack_memberships_contains_paid_content":false,"footnotes":""},"categories":[50,101,2],"tags":[],"class_list":["post-48867","post","type-post","status-publish","format-standard","has-post-thumbnail","hentry","category-destacadas","category-interes-general-locales","category-locales"],"aioseo_notices":[],"gutentor_comment":0,"jetpack_featured_media_url":"https:\/\/eldiariodesanpedro.com.ar\/sitio\/wp-content\/uploads\/2019\/03\/WhatsApp-Image-2019-03-12-at-11.20.49-AM.jpeg","jetpack_shortlink":"https:\/\/wp.me\/p6RhLt-cIb","jetpack_sharing_enabled":true,"_links":{"self":[{"href":"https:\/\/eldiariodesanpedro.com.ar\/sitio\/wp-json\/wp\/v2\/posts\/48867","targetHints":{"allow":["GET"]}}],"collection":[{"href":"https:\/\/eldiariodesanpedro.com.ar\/sitio\/wp-json\/wp\/v2\/posts"}],"about":[{"href":"https:\/\/eldiariodesanpedro.com.ar\/sitio\/wp-json\/wp\/v2\/types\/post"}],"author":[{"embeddable":true,"href":"https:\/\/eldiariodesanpedro.com.ar\/sitio\/wp-json\/wp\/v2\/users\/4"}],"replies":[{"embeddable":true,"href":"https:\/\/eldiariodesanpedro.com.ar\/sitio\/wp-json\/wp\/v2\/comments?post=48867"}],"version-history":[{"count":1,"href":"https:\/\/eldiariodesanpedro.com.ar\/sitio\/wp-json\/wp\/v2\/posts\/48867\/revisions"}],"predecessor-version":[{"id":48874,"href":"https:\/\/eldiariodesanpedro.com.ar\/sitio\/wp-json\/wp\/v2\/posts\/48867\/revisions\/48874"}],"wp:featuredmedia":[{"embeddable":true,"href":"https:\/\/eldiariodesanpedro.com.ar\/sitio\/wp-json\/wp\/v2\/media\/48873"}],"wp:attachment":[{"href":"https:\/\/eldiariodesanpedro.com.ar\/sitio\/wp-json\/wp\/v2\/media?parent=48867"}],"wp:term":[{"taxonomy":"category","embeddable":true,"href":"https:\/\/eldiariodesanpedro.com.ar\/sitio\/wp-json\/wp\/v2\/categories?post=48867"},{"taxonomy":"post_tag","embeddable":true,"href":"https:\/\/eldiariodesanpedro.com.ar\/sitio\/wp-json\/wp\/v2\/tags?post=48867"}],"curies":[{"name":"wp","href":"https:\/\/api.w.org\/{rel}","templated":true}]}}