{"id":48859,"date":"2019-03-12T10:56:57","date_gmt":"2019-03-12T13:56:57","guid":{"rendered":"https:\/\/eldiariodesanpedro.com.ar\/sitio\/?p=48859"},"modified":"2019-03-12T10:57:06","modified_gmt":"2019-03-12T13:57:06","slug":"campana-se-encuentra-abierta-la-inscripcion-para-la-licenciatura-en-historia-en-unlu-campana","status":"publish","type":"post","link":"https:\/\/eldiariodesanpedro.com.ar\/sitio\/campana-se-encuentra-abierta-la-inscripcion-para-la-licenciatura-en-historia-en-unlu-campana\/","title":{"rendered":"CAMPANA: Se encuentra abierta la inscripci\u00f3n para la Licenciatura en Historia en UNLu Campana"},"content":{"rendered":"<!-- VideographyWP Plugin Message: Automatic video embedding prevented by plugin options. -->\n\n<p>\n\nLas clases comenzar\u00e1n a dictarse desde el segundo cuatrimestre, desde el 12 de agosto y se est\u00e1 diagramando un esquema de cursada de hasta dos d\u00edas por semana. La inscripci\u00f3n se realiza desde la p\u00e1gina web de la instituci\u00f3n: www.unlu.edu.ar.&nbsp;<\/p>\n\n\n\n<p>Tal como se anunci\u00f3 el a\u00f1o pasado, la Universidad Nacional de Luj\u00e1n (UNLu) ofrecer\u00e1 en el Centro Regional Campana una nueva carrera: se trata de la Licenciatura en Historia, un Ciclo de Complementaci\u00f3n Curricular para Profesores de historia egresados tanto de otras universidades como de institutos terciarios.<\/p>\n\n\n\n<p>La inscripci\u00f3n se realiza desde la p\u00e1gina web de la instituci\u00f3n: www.unlu.edu.ar.<\/p>\n\n\n\n<p>Al respecto, el Dr. Oscar Trujillo (el Coordinador de la carrera), manifest\u00f3 a CampanaNoticias: \u201cLa carrera se dict\u00f3 a fines de la d\u00e9cada del \u00b480 en nuestra ciudad, pero cerr\u00f3 poco tiempo despu\u00e9s en medio de la crisis hiperinflacionaria. Desde hace varios a\u00f1os, los egresados del Profesorado en Historia del ISFDyT N\u00b0 15 gestionaron su reapertura, con casi doscientos egresados que manifiestan su inter\u00e9s en seguir estudiando. Y hoy esa gesti\u00f3n, merced a una decisi\u00f3n valiente tomada por nuestra Universidad, vuelve a ofrecer a los Profesores en Historia de una amplia regi\u00f3n que va desde San Pedro hasta Tigre, la posibilidad de reconocer sus t\u00edtulos para la obtenci\u00f3n de un t\u00edtulo de grado, cursando s\u00f3lo 13 materias\u201d.&nbsp;<\/p>\n\n\n\n<p>Y agreg\u00f3: \u201cLa licenciatura no s\u00f3lo capacita para la investigaci\u00f3n hist\u00f3rica, sino que adem\u00e1s fortalece las competencias profesionales de un profesor. Por eso es importante destacar que en un contexto dif\u00edcil para la Argentina toda y en particular para las universidades, nuestra Universidad ampl\u00ede su oferta en Campana. Una carrera sin ning\u00fan tipo de arancel, dictada por docentes que adem\u00e1s son reconocidos investigadores, y en un \u00e1mbito de constante investigaci\u00f3n y publicaci\u00f3n de textos y libros, as\u00ed como de numerosos eventos de debate acad\u00e9mico, como las recientemente realizadas VIII Jornadas de la Divisi\u00f3n Historia en la que tuvimos el gusto de lanzar el Primer Encuentro de Trabajos de investigaci\u00f3n Final de la Licenciatura con la participaci\u00f3n de dos egresados de Campana\u201d.<\/p>\n\n\n\n<p>Seg\u00fan se informara oficialmente, en abril se realizar\u00e1 la presentaci\u00f3n del Plan de Estudios, junto con la disertaci\u00f3n de un docente de la casa, el Dr. Jaime Peire, quien hablar\u00e1 sobre \u201cLa Investigaci\u00f3n Hist\u00f3rica hoy: una mirada desde la funci\u00f3n social del historiador\u201d.&nbsp;<\/p>\n\n\n\n<p>Las clases comenzar\u00e1n a dictarse desde el segundo cuatrimestre, desde el 12 de agosto y se est\u00e1 diagramando un esquema de cursada de hasta dos d\u00edas por semana.\n\n<\/p>\n","protected":false},"excerpt":{"rendered":"<p>Las clases comenzar\u00e1n a dictarse desde el segundo cuatrimestre, desde el 12 de agosto y se est\u00e1 diagramando un esquema de cursada de hasta dos d\u00edas por semana. La inscripci\u00f3n se realiza desde la p\u00e1gina web de la instituci\u00f3n: www.unlu.edu.ar.&nbsp; Tal como se anunci\u00f3 el a\u00f1o pasado, la Universidad Nacional de Luj\u00e1n (UNLu) ofrecer\u00e1 en [&hellip;]<\/p>\n","protected":false},"author":4,"featured_media":48860,"comment_status":"open","ping_status":"closed","sticky":false,"template":"","format":"standard","meta":{"om_disable_all_campaigns":false,"_jetpack_memberships_contains_paid_content":false,"footnotes":""},"categories":[621],"tags":[],"class_list":["post-48859","post","type-post","status-publish","format-standard","has-post-thumbnail","hentry","category-regionales"],"aioseo_notices":[],"gutentor_comment":0,"jetpack_featured_media_url":"https:\/\/eldiariodesanpedro.com.ar\/sitio\/wp-content\/uploads\/2019\/03\/20190310115721.jpg","jetpack_shortlink":"https:\/\/wp.me\/p6RhLt-cI3","jetpack_sharing_enabled":true,"_links":{"self":[{"href":"https:\/\/eldiariodesanpedro.com.ar\/sitio\/wp-json\/wp\/v2\/posts\/48859","targetHints":{"allow":["GET"]}}],"collection":[{"href":"https:\/\/eldiariodesanpedro.com.ar\/sitio\/wp-json\/wp\/v2\/posts"}],"about":[{"href":"https:\/\/eldiariodesanpedro.com.ar\/sitio\/wp-json\/wp\/v2\/types\/post"}],"author":[{"embeddable":true,"href":"https:\/\/eldiariodesanpedro.com.ar\/sitio\/wp-json\/wp\/v2\/users\/4"}],"replies":[{"embeddable":true,"href":"https:\/\/eldiariodesanpedro.com.ar\/sitio\/wp-json\/wp\/v2\/comments?post=48859"}],"version-history":[{"count":1,"href":"https:\/\/eldiariodesanpedro.com.ar\/sitio\/wp-json\/wp\/v2\/posts\/48859\/revisions"}],"predecessor-version":[{"id":48861,"href":"https:\/\/eldiariodesanpedro.com.ar\/sitio\/wp-json\/wp\/v2\/posts\/48859\/revisions\/48861"}],"wp:featuredmedia":[{"embeddable":true,"href":"https:\/\/eldiariodesanpedro.com.ar\/sitio\/wp-json\/wp\/v2\/media\/48860"}],"wp:attachment":[{"href":"https:\/\/eldiariodesanpedro.com.ar\/sitio\/wp-json\/wp\/v2\/media?parent=48859"}],"wp:term":[{"taxonomy":"category","embeddable":true,"href":"https:\/\/eldiariodesanpedro.com.ar\/sitio\/wp-json\/wp\/v2\/categories?post=48859"},{"taxonomy":"post_tag","embeddable":true,"href":"https:\/\/eldiariodesanpedro.com.ar\/sitio\/wp-json\/wp\/v2\/tags?post=48859"}],"curies":[{"name":"wp","href":"https:\/\/api.w.org\/{rel}","templated":true}]}}