{"id":48853,"date":"2019-03-12T10:55:07","date_gmt":"2019-03-12T13:55:07","guid":{"rendered":"https:\/\/eldiariodesanpedro.com.ar\/sitio\/?p=48853"},"modified":"2019-03-12T11:58:01","modified_gmt":"2019-03-12T14:58:01","slug":"campana-brutal-accidente-entre-un-porche-y-un-renault-4-en-la-panamericana","status":"publish","type":"post","link":"https:\/\/eldiariodesanpedro.com.ar\/sitio\/campana-brutal-accidente-entre-un-porche-y-un-renault-4-en-la-panamericana\/","title":{"rendered":"CAMPANA: Brutal accidente entre un Porsche y un Renault 4 en la Panamericana"},"content":{"rendered":"<!-- VideographyWP Plugin Message: Automatic video embedding prevented by plugin options. -->\n\n<p>\n\nOcurri\u00f3 cerca del mediod\u00eda, cuando la camioneta importada embisti\u00f3 a gran velocidad al humilde autom\u00f3vil en el que viajaban dos septuagenarios. Ambos fueron trasladados de urgencia al Hospital por el Same, pero el hombre finalmente muri\u00f3. Fue a la altura del KM 72.5, mano a Capital.<\/p>\n\n\n\n<p>Una pareja de ancianos domiciliados en R\u00edo Luj\u00e1n result\u00f3 gravemente herida al protagonizar un accidente cuando viajaban a bordo de un Renault 4 por la Panamericana.<\/p>\n\n\n\n<p>El hecho ocurri\u00f3 ayer al mediodia la altura del km 72.500, sentido a Capital. All\u00ed, testigos se\u00f1alaron como una camioneta marca Porsche Cayenne (conducida por Jonathan Yurguel) circulaba a gran velocidad por la mano r\u00e1pida, pero al intentar evitar el tr\u00e1fico por ese carril decide pasarse a la v\u00eda lenta, encontr\u00e1ndose con el Renault 4 que circulaba a menor velocidad.<\/p>\n\n\n\n<p>La consecuencia fue letal. Seg\u00fan registraron las c\u00e1maras de seguridad de la zona, el Renault 4 sali\u00f3 despedido violentamente de la ruta. Sus dos ocupantes, una pareja septuagenaria, tambi\u00e9n vol\u00f3 del interior del rodado (el cual no posee medidas de seguridad actuales).<\/p>\n\n\n\n<p>Guillermo Alonso y su acompa\u00f1ante Mar\u00eda Nieves del Valle, quedaron tendidos a un costado de la Ruta, inconscientes. La Polic\u00eda lleg\u00f3 primero y luego, dos ambulancias del Same (m\u00f3viles 1 y 3), las cuales trasladaron con vida a ambos ancianos al Hospital Municipal, pero poco despu\u00e9s el hombre falleci\u00f3.<\/p>\n\n\n\n<p>En el lugar trabajaron m\u00f3viles del Comando Patrulla, personal de Defensa Civil y del servicio de Autopistas del Sol. <\/p>\n\n\n\n<figure class=\"wp-block-image\"><img decoding=\"async\" width=\"470\" height=\"353\" data-attachment-id=\"48854\" data-permalink=\"https:\/\/eldiariodesanpedro.com.ar\/sitio\/campana-brutal-accidente-entre-un-porche-y-un-renault-4-en-la-panamericana\/attachment\/20190311093310\/\" data-orig-file=\"https:\/\/eldiariodesanpedro.com.ar\/sitio\/wp-content\/uploads\/2019\/03\/20190311093310.jpg\" data-orig-size=\"470,353\" data-comments-opened=\"1\" data-image-meta=\"{&quot;aperture&quot;:&quot;0&quot;,&quot;credit&quot;:&quot;&quot;,&quot;camera&quot;:&quot;&quot;,&quot;caption&quot;:&quot;&quot;,&quot;created_timestamp&quot;:&quot;0&quot;,&quot;copyright&quot;:&quot;&quot;,&quot;focal_length&quot;:&quot;0&quot;,&quot;iso&quot;:&quot;0&quot;,&quot;shutter_speed&quot;:&quot;0&quot;,&quot;title&quot;:&quot;&quot;,&quot;orientation&quot;:&quot;0&quot;}\" data-image-title=\"20190311093310\" data-image-description=\"\" data-image-caption=\"\" data-large-file=\"https:\/\/eldiariodesanpedro.com.ar\/sitio\/wp-content\/uploads\/2019\/03\/20190311093310.jpg\" data-src=\"https:\/\/eldiariodesanpedro.com.ar\/sitio\/wp-content\/uploads\/2019\/03\/20190311093310.jpg\" alt=\"\" class=\"wp-image-48854 lazyload\" data-srcset=\"https:\/\/eldiariodesanpedro.com.ar\/sitio\/wp-content\/uploads\/2019\/03\/20190311093310.jpg 470w, https:\/\/eldiariodesanpedro.com.ar\/sitio\/wp-content\/uploads\/2019\/03\/20190311093310-300x225.jpg 300w\" data-sizes=\"(max-width: 470px) 100vw, 470px\" src=\"data:image\/svg+xml;base64,PHN2ZyB3aWR0aD0iMSIgaGVpZ2h0PSIxIiB4bWxucz0iaHR0cDovL3d3dy53My5vcmcvMjAwMC9zdmciPjwvc3ZnPg==\" style=\"--smush-placeholder-width: 470px; --smush-placeholder-aspect-ratio: 470\/353;\" \/><\/figure>\n\n\n\n<figure class=\"wp-block-image\"><img decoding=\"async\" width=\"470\" height=\"353\" data-attachment-id=\"48857\" data-permalink=\"https:\/\/eldiariodesanpedro.com.ar\/sitio\/campana-brutal-accidente-entre-un-porche-y-un-renault-4-en-la-panamericana\/attachment\/20190311093242\/\" data-orig-file=\"https:\/\/eldiariodesanpedro.com.ar\/sitio\/wp-content\/uploads\/2019\/03\/20190311093242.jpg\" data-orig-size=\"470,353\" data-comments-opened=\"1\" data-image-meta=\"{&quot;aperture&quot;:&quot;0&quot;,&quot;credit&quot;:&quot;&quot;,&quot;camera&quot;:&quot;&quot;,&quot;caption&quot;:&quot;&quot;,&quot;created_timestamp&quot;:&quot;0&quot;,&quot;copyright&quot;:&quot;&quot;,&quot;focal_length&quot;:&quot;0&quot;,&quot;iso&quot;:&quot;0&quot;,&quot;shutter_speed&quot;:&quot;0&quot;,&quot;title&quot;:&quot;&quot;,&quot;orientation&quot;:&quot;0&quot;}\" data-image-title=\"20190311093242\" data-image-description=\"\" data-image-caption=\"\" data-large-file=\"https:\/\/eldiariodesanpedro.com.ar\/sitio\/wp-content\/uploads\/2019\/03\/20190311093242.jpg\" data-src=\"https:\/\/eldiariodesanpedro.com.ar\/sitio\/wp-content\/uploads\/2019\/03\/20190311093242.jpg\" alt=\"\" class=\"wp-image-48857 lazyload\" data-srcset=\"https:\/\/eldiariodesanpedro.com.ar\/sitio\/wp-content\/uploads\/2019\/03\/20190311093242.jpg 470w, https:\/\/eldiariodesanpedro.com.ar\/sitio\/wp-content\/uploads\/2019\/03\/20190311093242-300x225.jpg 300w\" data-sizes=\"(max-width: 470px) 100vw, 470px\" src=\"data:image\/svg+xml;base64,PHN2ZyB3aWR0aD0iMSIgaGVpZ2h0PSIxIiB4bWxucz0iaHR0cDovL3d3dy53My5vcmcvMjAwMC9zdmciPjwvc3ZnPg==\" style=\"--smush-placeholder-width: 470px; --smush-placeholder-aspect-ratio: 470\/353;\" \/><\/figure>\n\n\n\n<figure class=\"wp-block-image\"><img decoding=\"async\" width=\"470\" height=\"353\" data-attachment-id=\"48857\" data-permalink=\"https:\/\/eldiariodesanpedro.com.ar\/sitio\/campana-brutal-accidente-entre-un-porche-y-un-renault-4-en-la-panamericana\/attachment\/20190311093242\/\" data-orig-file=\"https:\/\/eldiariodesanpedro.com.ar\/sitio\/wp-content\/uploads\/2019\/03\/20190311093242.jpg\" data-orig-size=\"470,353\" data-comments-opened=\"1\" data-image-meta=\"{&quot;aperture&quot;:&quot;0&quot;,&quot;credit&quot;:&quot;&quot;,&quot;camera&quot;:&quot;&quot;,&quot;caption&quot;:&quot;&quot;,&quot;created_timestamp&quot;:&quot;0&quot;,&quot;copyright&quot;:&quot;&quot;,&quot;focal_length&quot;:&quot;0&quot;,&quot;iso&quot;:&quot;0&quot;,&quot;shutter_speed&quot;:&quot;0&quot;,&quot;title&quot;:&quot;&quot;,&quot;orientation&quot;:&quot;0&quot;}\" data-image-title=\"20190311093242\" data-image-description=\"\" data-image-caption=\"\" data-large-file=\"https:\/\/eldiariodesanpedro.com.ar\/sitio\/wp-content\/uploads\/2019\/03\/20190311093242.jpg\" data-src=\"https:\/\/eldiariodesanpedro.com.ar\/sitio\/wp-content\/uploads\/2019\/03\/20190311093242.jpg\" alt=\"\" class=\"wp-image-48857 lazyload\" data-srcset=\"https:\/\/eldiariodesanpedro.com.ar\/sitio\/wp-content\/uploads\/2019\/03\/20190311093242.jpg 470w, https:\/\/eldiariodesanpedro.com.ar\/sitio\/wp-content\/uploads\/2019\/03\/20190311093242-300x225.jpg 300w\" data-sizes=\"(max-width: 470px) 100vw, 470px\" src=\"data:image\/svg+xml;base64,PHN2ZyB3aWR0aD0iMSIgaGVpZ2h0PSIxIiB4bWxucz0iaHR0cDovL3d3dy53My5vcmcvMjAwMC9zdmciPjwvc3ZnPg==\" style=\"--smush-placeholder-width: 470px; --smush-placeholder-aspect-ratio: 470\/353;\" \/><\/figure>\n\n\n\n<p>Fuente: Campana Noticias<\/p>\n","protected":false},"excerpt":{"rendered":"<p>Ocurri\u00f3 cerca del mediod\u00eda, cuando la camioneta importada embisti\u00f3 a gran velocidad al humilde autom\u00f3vil en el que viajaban dos septuagenarios. Ambos fueron trasladados de urgencia al Hospital por el Same, pero el hombre finalmente muri\u00f3. Fue a la altura del KM 72.5, mano a Capital. Una pareja de ancianos domiciliados en R\u00edo Luj\u00e1n result\u00f3 [&hellip;]<\/p>\n","protected":false},"author":4,"featured_media":48855,"comment_status":"open","ping_status":"closed","sticky":false,"template":"","format":"standard","meta":{"om_disable_all_campaigns":false,"_jetpack_memberships_contains_paid_content":false,"footnotes":""},"categories":[621],"tags":[],"class_list":["post-48853","post","type-post","status-publish","format-standard","has-post-thumbnail","hentry","category-regionales"],"aioseo_notices":[],"gutentor_comment":0,"jetpack_featured_media_url":"https:\/\/eldiariodesanpedro.com.ar\/sitio\/wp-content\/uploads\/2019\/03\/20190311093016.jpg","jetpack_shortlink":"https:\/\/wp.me\/p6RhLt-cHX","jetpack_sharing_enabled":true,"_links":{"self":[{"href":"https:\/\/eldiariodesanpedro.com.ar\/sitio\/wp-json\/wp\/v2\/posts\/48853","targetHints":{"allow":["GET"]}}],"collection":[{"href":"https:\/\/eldiariodesanpedro.com.ar\/sitio\/wp-json\/wp\/v2\/posts"}],"about":[{"href":"https:\/\/eldiariodesanpedro.com.ar\/sitio\/wp-json\/wp\/v2\/types\/post"}],"author":[{"embeddable":true,"href":"https:\/\/eldiariodesanpedro.com.ar\/sitio\/wp-json\/wp\/v2\/users\/4"}],"replies":[{"embeddable":true,"href":"https:\/\/eldiariodesanpedro.com.ar\/sitio\/wp-json\/wp\/v2\/comments?post=48853"}],"version-history":[{"count":2,"href":"https:\/\/eldiariodesanpedro.com.ar\/sitio\/wp-json\/wp\/v2\/posts\/48853\/revisions"}],"predecessor-version":[{"id":48877,"href":"https:\/\/eldiariodesanpedro.com.ar\/sitio\/wp-json\/wp\/v2\/posts\/48853\/revisions\/48877"}],"wp:featuredmedia":[{"embeddable":true,"href":"https:\/\/eldiariodesanpedro.com.ar\/sitio\/wp-json\/wp\/v2\/media\/48855"}],"wp:attachment":[{"href":"https:\/\/eldiariodesanpedro.com.ar\/sitio\/wp-json\/wp\/v2\/media?parent=48853"}],"wp:term":[{"taxonomy":"category","embeddable":true,"href":"https:\/\/eldiariodesanpedro.com.ar\/sitio\/wp-json\/wp\/v2\/categories?post=48853"},{"taxonomy":"post_tag","embeddable":true,"href":"https:\/\/eldiariodesanpedro.com.ar\/sitio\/wp-json\/wp\/v2\/tags?post=48853"}],"curies":[{"name":"wp","href":"https:\/\/api.w.org\/{rel}","templated":true}]}}