{"id":48850,"date":"2019-03-12T10:41:25","date_gmt":"2019-03-12T13:41:25","guid":{"rendered":"https:\/\/eldiariodesanpedro.com.ar\/sitio\/?p=48850"},"modified":"2019-03-12T10:41:39","modified_gmt":"2019-03-12T13:41:39","slug":"zarate-joven-fue-herido-con-un-hacha-tras-discusion","status":"publish","type":"post","link":"https:\/\/eldiariodesanpedro.com.ar\/sitio\/zarate-joven-fue-herido-con-un-hacha-tras-discusion\/","title":{"rendered":"ZARATE: Joven fue herido con un hacha tras discusi\u00f3n"},"content":{"rendered":"<!-- VideographyWP Plugin Message: Automatic video embedding prevented by plugin options. -->\n\n<p>En horas de la noche del lunes, un joven de 18 a\u00f1os fue herido de gravedad en las inmediaciones de calles Berutti y 40,&nbsp; en la localidad de Z\u00e1rate. Seg\u00fan fuentes policiales, se tratar\u00eda de un conflicto entre vecinos.<\/p>\n\n\n\n<p>Ante la llamada de alerta al 911, dos m\u00f3viles de Comando Patrulla acudieron al lugar. Al llegar, encontraron al chico tendido en el piso con un corte profundo en el brazo derecho. Estiman, que el arma que se us\u00f3 fue un hacha. De urgencia, fue trasladado por ambulancia de SEMU hacia el Hospital Virgen del Carmen.<\/p>\n\n\n\n<p>Hasta el momento, los efectivos no tuvieron novedades del agresor, aunque por el relato de los testigos, creen que se tratar\u00eda de un conflicto vecinal y no de un intento de robo.<\/p>\n\n\n\n<p>Fuente: Zarate Alerta<\/p>\n","protected":false},"excerpt":{"rendered":"<p>En horas de la noche del lunes, un joven de 18 a\u00f1os fue herido de gravedad en las inmediaciones de calles Berutti y 40,&nbsp; en la localidad de Z\u00e1rate. Seg\u00fan fuentes policiales, se tratar\u00eda de un conflicto entre vecinos. Ante la llamada de alerta al 911, dos m\u00f3viles de Comando Patrulla acudieron al lugar. Al [&hellip;]<\/p>\n","protected":false},"author":4,"featured_media":48851,"comment_status":"open","ping_status":"closed","sticky":false,"template":"","format":"standard","meta":{"om_disable_all_campaigns":false,"_jetpack_memberships_contains_paid_content":false,"footnotes":""},"categories":[101,2,621],"tags":[],"class_list":["post-48850","post","type-post","status-publish","format-standard","has-post-thumbnail","hentry","category-interes-general-locales","category-locales","category-regionales"],"aioseo_notices":[],"gutentor_comment":0,"jetpack_featured_media_url":"https:\/\/eldiariodesanpedro.com.ar\/sitio\/wp-content\/uploads\/2019\/03\/WhatsApp-Image-2018-08-10-at-14.10.08.jpeg","jetpack_shortlink":"https:\/\/wp.me\/p6RhLt-cHU","jetpack_sharing_enabled":true,"_links":{"self":[{"href":"https:\/\/eldiariodesanpedro.com.ar\/sitio\/wp-json\/wp\/v2\/posts\/48850","targetHints":{"allow":["GET"]}}],"collection":[{"href":"https:\/\/eldiariodesanpedro.com.ar\/sitio\/wp-json\/wp\/v2\/posts"}],"about":[{"href":"https:\/\/eldiariodesanpedro.com.ar\/sitio\/wp-json\/wp\/v2\/types\/post"}],"author":[{"embeddable":true,"href":"https:\/\/eldiariodesanpedro.com.ar\/sitio\/wp-json\/wp\/v2\/users\/4"}],"replies":[{"embeddable":true,"href":"https:\/\/eldiariodesanpedro.com.ar\/sitio\/wp-json\/wp\/v2\/comments?post=48850"}],"version-history":[{"count":1,"href":"https:\/\/eldiariodesanpedro.com.ar\/sitio\/wp-json\/wp\/v2\/posts\/48850\/revisions"}],"predecessor-version":[{"id":48852,"href":"https:\/\/eldiariodesanpedro.com.ar\/sitio\/wp-json\/wp\/v2\/posts\/48850\/revisions\/48852"}],"wp:featuredmedia":[{"embeddable":true,"href":"https:\/\/eldiariodesanpedro.com.ar\/sitio\/wp-json\/wp\/v2\/media\/48851"}],"wp:attachment":[{"href":"https:\/\/eldiariodesanpedro.com.ar\/sitio\/wp-json\/wp\/v2\/media?parent=48850"}],"wp:term":[{"taxonomy":"category","embeddable":true,"href":"https:\/\/eldiariodesanpedro.com.ar\/sitio\/wp-json\/wp\/v2\/categories?post=48850"},{"taxonomy":"post_tag","embeddable":true,"href":"https:\/\/eldiariodesanpedro.com.ar\/sitio\/wp-json\/wp\/v2\/tags?post=48850"}],"curies":[{"name":"wp","href":"https:\/\/api.w.org\/{rel}","templated":true}]}}