{"id":48847,"date":"2019-03-12T10:37:38","date_gmt":"2019-03-12T13:37:38","guid":{"rendered":"https:\/\/eldiariodesanpedro.com.ar\/sitio\/?p=48847"},"modified":"2019-03-12T10:37:49","modified_gmt":"2019-03-12T13:37:49","slug":"san-nicolas-la-gobernadora-vidal-presidio-la-cena-inaugural-de-la-expoagro-2019","status":"publish","type":"post","link":"https:\/\/eldiariodesanpedro.com.ar\/sitio\/san-nicolas-la-gobernadora-vidal-presidio-la-cena-inaugural-de-la-expoagro-2019\/","title":{"rendered":"SAN NICOL\u00c1S: La gobernadora Vidal presidi\u00f3 la cena inaugural de la expoagro 2019"},"content":{"rendered":"<!-- VideographyWP Plugin Message: Automatic video embedding prevented by plugin options. -->\n\n<p>\n\nLa megamuestra agroindustrial Expoagro se puso pr\u00e1cticamente en marcha anoche en nuestra ciudad y funcionar\u00e1 hasta el viernes, siempre en el horario de 8:30 a 18:30. Se trata de la tercera edici\u00f3n en el Predio Ferial, que est\u00e1 ubicado en el kil\u00f3metro 225 de la Ruta Nacional 9 y fue dotado con nueva infraestructura, mejor log\u00edstica, caminos asfaltados y mayor superficie de exposici\u00f3n, entre otras particularidades.&nbsp;<\/p>\n\n\n\n<p>Anoche se realiz\u00f3 la cena inaugural, en la que estuvieron presentes la gobernadora bonaerense Mar\u00eda Eugenia Vidal, el ministro bonaerense de Agroindustria, Leonardo Sarqu\u00eds, el secretario de Agroindustria de la Naci\u00f3n, Luis Etchevehere y el intendente local Manuel Passaglia.&nbsp;<\/p>\n\n\n\n<p><strong>Discurso de Vidal&nbsp;<br><\/strong>La Gobernadora, en el discurso principal de la noche, se refiri\u00f3 mucho a su gesti\u00f3n y destac\u00f3 entre otros logros que el \u00edndice de mortalidad infantil se redujo por segundo a\u00f1o consecutivo, agregando que seg\u00fan le inform\u00f3 el intendente Passaglia, San Nicol\u00e1s consigui\u00f3 en 2018 el \u00edndice de mortalidad infantil m\u00e1s bajo de su historia. Mar\u00eda Eugenia Vidal agradeci\u00f3 al principio de sus palabras \u201cla labor de los organizadores, a los productores, a las empresas, a los contratistas, que forman parte de este encuentro y que para nosotros es muy importante porque, como creo que tambi\u00e9n les dije una vez, en esta provincia hay 135 municipios y 127 est\u00e1n ligados con la agroindustria, por lo que la Provincia es agroindustrial en su identidad m\u00e1s profunda\u201d. Agreg\u00f3 que \u201ctenerlos ac\u00e1 es siempre un espacio y una instancia para seguir creciendo, me pone muy contenta que los directivos de ExpoAgro me dijeran que este a\u00f1o tenemos m\u00e1s empresas, m\u00e1s stands, m\u00e1s visitantes extranjeros, para generar nuevos negocios, porque eso al final del d\u00eda es m\u00e1s trabajo y es m\u00e1s crecimiento para todos\u201d.&nbsp;<\/p>\n\n\n\n<p><strong>Resultados del esfuerzo&nbsp;<br><\/strong>Luego dijo que \u201cla verdad que este es un sector muy noble, porque como todos coincidieron antes que yo, este es un a\u00f1o donde por primera vez empezamos a ver resultados de un esfuerzo sostenido, un esfuerzo que a lo largo de toda nuestra gesti\u00f3n atraves\u00f3 inundaciones y la sequ\u00eda m\u00e1s grande que nos toc\u00f3 en d\u00e9cadas, y a\u00fan as\u00ed, como reci\u00e9n dec\u00eda Etchevehere, se volvi\u00f3 a apostar, se volvi\u00f3 a esforzar, a trabajar, el Campo se sostuvo en pie, sigui\u00f3 invirtiendo y hoy podemos ver los resultados. Resultados que muestran que no bajar los brazos vali\u00f3 la pena, donde de tener solamente dos regiones que apostaban al trigo, hoy tenemos cinco regiones en la Provincia que abandonaron el monocultivo, donde tenemos una cosecha de trigo 22 por ciento mayor, una cosecha de cebada 24 por ciento mayor; ah\u00ed estamos discutiendo con el ministro de Agroindustria si se van a cumplir o no los 14 millones de toneladas de ma\u00edz que me prometi\u00f3 y me dice que van a ser 15, as\u00ed que pronto nos vamos a enterar de la cifra final\u201d.&nbsp;<\/p>\n\n\n\n<p><strong>Exportaciones&nbsp;<br><\/strong>Posteriormente explic\u00f3 que \u201cel a\u00f1o pasado las exportaciones de carne crecieron m\u00e1s del 70 por ciento en la provincia de Buenos Aires, donde las cabezas de ganado crecieron m\u00e1s del 12 por ciento, demostramos otra vez que pod\u00edamos ponernos de pie en un sector que hab\u00eda sido muy castigado, donde Uruguay hab\u00eda empezado a ganarnos y nuevamente mostramos de lo que somos capaces los argentinos, cuando trabajamos en equipo apostando a nuestra carne. Se ven adem\u00e1s los resultados de los esfuerzos que el presidente Macri hizo todos estos a\u00f1os por integrarnos al mundo; me toc\u00f3 viajar a China en 2017 y ver la energ\u00eda que puso el Presidente para volver abrir el mercado de carnes enfriadas, hoy vemos los resultados con frigor\u00edficos que est\u00e1n abriendo en distintos lugares del territorio bonaerense\u201d. Ampli\u00f3: \u201chace poco estuve en Ramallo viendo los resultados de un frigor\u00edfico nuevo, pero no es el \u00fanico, hay muchos lugares de la Provincia que han abierto frigor\u00edficos y lugares de faena nuevos, a ra\u00edz de esta apertura de mercados, con 20 mil toneladas m\u00e1s que EEUU nos ha abierto sin arancel, todo resultado de un trabajo que cuando empieza en el primer d\u00eda no se ve, pero que a lo largo de los a\u00f1os se empieza a cosechar, como el resultado de la persistencia de este sector pese a las dificultades. La verdad que esto tiene que ver con el trabajo mancomunado y con una decisi\u00f3n, en un a\u00f1o como este en el que vamos a escuchar muchos debates, donde lamentablemente seguro escucharemos chicanas e interpretaciones del pasado y del presente, lo importante son los hechos. Creo que un momento como este, la Argentina y la Provincia m\u00e1s que nunca tiene que discutir sobre hechos, sobre hechos concretos, que no tienen vuelta atr\u00e1s y que ya sucedieron, no que prometemos que van a suceder, sino que son una realidad, hoy es una realidad que hemos avanzado much\u00edsimo en materia de obras en la Provincia, y son una realidad los 250 kil\u00f3metros nuevos que pavimentamos, los m\u00e1s de mil que repavimentamos, decenas de rutas, algunas terminadas como la 32, otras que esperaron 30 a\u00f1os por obras como la Ruta del Cereal, que tiene un tramo nuevo ya finalizado\u201d.&nbsp;<br>As\u00ed sigui\u00f3 la gobernadora Vidal enumerando objetivos cumplidos y poniendo en marcha una ExpoAgro que seguramente ser\u00e1 muy exitosa y EL NORTE cumplir\u00e1 en forma completa.\n\n<\/p>\n","protected":false},"excerpt":{"rendered":"<p>La megamuestra agroindustrial Expoagro se puso pr\u00e1cticamente en marcha anoche en nuestra ciudad y funcionar\u00e1 hasta el viernes, siempre en el horario de 8:30 a 18:30. Se trata de la tercera edici\u00f3n en el Predio Ferial, que est\u00e1 ubicado en el kil\u00f3metro 225 de la Ruta Nacional 9 y fue dotado con nueva infraestructura, mejor [&hellip;]<\/p>\n","protected":false},"author":4,"featured_media":48848,"comment_status":"open","ping_status":"closed","sticky":false,"template":"","format":"standard","meta":{"om_disable_all_campaigns":false,"_jetpack_memberships_contains_paid_content":false,"footnotes":""},"categories":[101,2],"tags":[],"class_list":["post-48847","post","type-post","status-publish","format-standard","has-post-thumbnail","hentry","category-interes-general-locales","category-locales"],"aioseo_notices":[],"gutentor_comment":0,"jetpack_featured_media_url":"https:\/\/eldiariodesanpedro.com.ar\/sitio\/wp-content\/uploads\/2019\/03\/0-2.jpg","jetpack_shortlink":"https:\/\/wp.me\/p6RhLt-cHR","jetpack_sharing_enabled":true,"_links":{"self":[{"href":"https:\/\/eldiariodesanpedro.com.ar\/sitio\/wp-json\/wp\/v2\/posts\/48847","targetHints":{"allow":["GET"]}}],"collection":[{"href":"https:\/\/eldiariodesanpedro.com.ar\/sitio\/wp-json\/wp\/v2\/posts"}],"about":[{"href":"https:\/\/eldiariodesanpedro.com.ar\/sitio\/wp-json\/wp\/v2\/types\/post"}],"author":[{"embeddable":true,"href":"https:\/\/eldiariodesanpedro.com.ar\/sitio\/wp-json\/wp\/v2\/users\/4"}],"replies":[{"embeddable":true,"href":"https:\/\/eldiariodesanpedro.com.ar\/sitio\/wp-json\/wp\/v2\/comments?post=48847"}],"version-history":[{"count":1,"href":"https:\/\/eldiariodesanpedro.com.ar\/sitio\/wp-json\/wp\/v2\/posts\/48847\/revisions"}],"predecessor-version":[{"id":48849,"href":"https:\/\/eldiariodesanpedro.com.ar\/sitio\/wp-json\/wp\/v2\/posts\/48847\/revisions\/48849"}],"wp:featuredmedia":[{"embeddable":true,"href":"https:\/\/eldiariodesanpedro.com.ar\/sitio\/wp-json\/wp\/v2\/media\/48848"}],"wp:attachment":[{"href":"https:\/\/eldiariodesanpedro.com.ar\/sitio\/wp-json\/wp\/v2\/media?parent=48847"}],"wp:term":[{"taxonomy":"category","embeddable":true,"href":"https:\/\/eldiariodesanpedro.com.ar\/sitio\/wp-json\/wp\/v2\/categories?post=48847"},{"taxonomy":"post_tag","embeddable":true,"href":"https:\/\/eldiariodesanpedro.com.ar\/sitio\/wp-json\/wp\/v2\/tags?post=48847"}],"curies":[{"name":"wp","href":"https:\/\/api.w.org\/{rel}","templated":true}]}}