{"id":48844,"date":"2019-03-12T10:34:48","date_gmt":"2019-03-12T13:34:48","guid":{"rendered":"https:\/\/eldiariodesanpedro.com.ar\/sitio\/?p=48844"},"modified":"2019-03-12T10:34:57","modified_gmt":"2019-03-12T13:34:57","slug":"ramallo-buscan-a-martin-campos","status":"publish","type":"post","link":"https:\/\/eldiariodesanpedro.com.ar\/sitio\/ramallo-buscan-a-martin-campos\/","title":{"rendered":"RAMALLO: Buscan a Martin Campos"},"content":{"rendered":"<!-- VideographyWP Plugin Message: Automatic video embedding prevented by plugin options. -->\n\n<p>Se trata de un joven de 28 a\u00f1os oriundo de la localidad de Villa Ramallo. El sujeto se ausent\u00f3 de su casa el jueves alrededor de las 21:00hs, donde ten\u00eda previsto tomar el tren en direcci\u00f3n a la ciudad de Rosario, para luego trasladarse en micro a la localidad de Oliveros, en la provincia de Santa Fe. Se dirig\u00eda por cuestiones laborales, pero no se supo m\u00e1s sobre su paradero, ni registro de haber llegado a destino.<\/p>\n\n\n\n<p>Seg\u00fan informaron de la Comisaria Segunda, Campos es de contextura f\u00edsica delgada, de 1,70mts de estatura, cutis trigue\u00f1o, cabellos cortos de color negro, ojos marrones, no tiene tatuajes ni piercing. Al momento de su desaparici\u00f3n vest\u00eda remera de color blanca, pantal\u00f3n de jeans, campera negra, mochila negra y zapatillas grises con una estrella de color roja marca All Star.<\/p>\n\n\n\n<p>La denuncia por su ausencia se radico el d\u00eda s\u00e1bado, 9 de marzo, a la madrugada. La causa qued\u00f3 caratulada como averiguaci\u00f3n de paradero, y fue realizada por su madre. Cualquier informaci\u00f3n solicitan comunicarse telef\u00f3nicamente al 911 o al 03407 488-333, o acercarse a la comisar\u00eda m\u00e1s cercana.<\/p>\n\n\n\n<p>Fuente: Ramallo Informa<\/p>\n","protected":false},"excerpt":{"rendered":"<p>Se trata de un joven de 28 a\u00f1os oriundo de la localidad de Villa Ramallo. El sujeto se ausent\u00f3 de su casa el jueves alrededor de las 21:00hs, donde ten\u00eda previsto tomar el tren en direcci\u00f3n a la ciudad de Rosario, para luego trasladarse en micro a la localidad de Oliveros, en la provincia de [&hellip;]<\/p>\n","protected":false},"author":4,"featured_media":48845,"comment_status":"open","ping_status":"closed","sticky":false,"template":"","format":"standard","meta":{"om_disable_all_campaigns":false,"_jetpack_memberships_contains_paid_content":false,"footnotes":""},"categories":[101,2],"tags":[],"class_list":["post-48844","post","type-post","status-publish","format-standard","has-post-thumbnail","hentry","category-interes-general-locales","category-locales"],"aioseo_notices":[],"gutentor_comment":0,"jetpack_featured_media_url":"https:\/\/eldiariodesanpedro.com.ar\/sitio\/wp-content\/uploads\/2019\/03\/secundaria-averiguacion-de-paradero.jpg","jetpack_shortlink":"https:\/\/wp.me\/p6RhLt-cHO","jetpack_sharing_enabled":true,"_links":{"self":[{"href":"https:\/\/eldiariodesanpedro.com.ar\/sitio\/wp-json\/wp\/v2\/posts\/48844","targetHints":{"allow":["GET"]}}],"collection":[{"href":"https:\/\/eldiariodesanpedro.com.ar\/sitio\/wp-json\/wp\/v2\/posts"}],"about":[{"href":"https:\/\/eldiariodesanpedro.com.ar\/sitio\/wp-json\/wp\/v2\/types\/post"}],"author":[{"embeddable":true,"href":"https:\/\/eldiariodesanpedro.com.ar\/sitio\/wp-json\/wp\/v2\/users\/4"}],"replies":[{"embeddable":true,"href":"https:\/\/eldiariodesanpedro.com.ar\/sitio\/wp-json\/wp\/v2\/comments?post=48844"}],"version-history":[{"count":1,"href":"https:\/\/eldiariodesanpedro.com.ar\/sitio\/wp-json\/wp\/v2\/posts\/48844\/revisions"}],"predecessor-version":[{"id":48846,"href":"https:\/\/eldiariodesanpedro.com.ar\/sitio\/wp-json\/wp\/v2\/posts\/48844\/revisions\/48846"}],"wp:featuredmedia":[{"embeddable":true,"href":"https:\/\/eldiariodesanpedro.com.ar\/sitio\/wp-json\/wp\/v2\/media\/48845"}],"wp:attachment":[{"href":"https:\/\/eldiariodesanpedro.com.ar\/sitio\/wp-json\/wp\/v2\/media?parent=48844"}],"wp:term":[{"taxonomy":"category","embeddable":true,"href":"https:\/\/eldiariodesanpedro.com.ar\/sitio\/wp-json\/wp\/v2\/categories?post=48844"},{"taxonomy":"post_tag","embeddable":true,"href":"https:\/\/eldiariodesanpedro.com.ar\/sitio\/wp-json\/wp\/v2\/tags?post=48844"}],"curies":[{"name":"wp","href":"https:\/\/api.w.org\/{rel}","templated":true}]}}