{"id":48841,"date":"2019-03-12T10:18:09","date_gmt":"2019-03-12T13:18:09","guid":{"rendered":"https:\/\/eldiariodesanpedro.com.ar\/sitio\/?p=48841"},"modified":"2019-03-12T10:18:22","modified_gmt":"2019-03-12T13:18:22","slug":"el-licenciado-cheyllada-asume-como-presidente-del-ctro-de-comercio","status":"publish","type":"post","link":"https:\/\/eldiariodesanpedro.com.ar\/sitio\/el-licenciado-cheyllada-asume-como-presidente-del-ctro-de-comercio\/","title":{"rendered":"El licenciado Cheyllada asume como presidente del Ctro. de Comercio"},"content":{"rendered":"<!-- VideographyWP Plugin Message: Automatic video embedding prevented by plugin options. -->\n\n<p>\n\nLa asamblea ser\u00e1 esta noche y la \u00fanica lista presentada es la que encabeza quien fuera funcionario del ex intendente Guacone.&nbsp;\n\n<\/p>\n\n\n\n<p>En la noche del martes se llevar\u00e1 a cabo la asamblea general del Centro de Comercio y all\u00ed quedar\u00e1 oficializada la asunci\u00f3n del licenciado Ra\u00fal Cheyllada como nuevo presidente de la entidad.<\/p>\n\n\n\n<p>El dirigente asume en lugar de Mauro Troilo, quien deja el cargo tras dos a\u00f1os de gesti\u00f3n. Adem\u00e1s se renovar\u00e1 por completo la comisi\u00f3n directiva.<\/p>\n\n\n\n<p>Ra\u00fal Cheyllada tuvo su paso por el \u00e1mbito pol\u00edtico de la ciudad sin pena ni gloria cuando asumi\u00f3 como Secretario de Desarrollo Econ\u00f3mico, Cultural y Tur\u00edstico de la Municipalidad de San Pedro convocado por el entonces Intendente Pablo Guacone. Meses despu\u00e9s, fue nombrado Secretario de Gobierno hasta diciembre de 2014 donde decidi\u00f3 dar un paso al costado cuando Fabio Giovanettoni se hizo cargo de la intendencia ante la controvertida salida de Guacone.<\/p>\n\n\n\n<p>Cheyllada es Licenciado en Comercio Exterior y se ha desempe\u00f1ado tanto en el \u00e1mbito p\u00fablico como en el privado llegando a ser el Director de Promoci\u00f3n y Desarrollo Industrial, y Director para la Promoci\u00f3n de la Competitividad, la Innovaci\u00f3n y los Servicios durante la gesti\u00f3n de Daniel Scioli como gobernador bonaerense.&nbsp;<\/p>\n","protected":false},"excerpt":{"rendered":"<p>La asamblea ser\u00e1 esta noche y la \u00fanica lista presentada es la que encabeza quien fuera funcionario del ex intendente Guacone.&nbsp; En la noche del martes se llevar\u00e1 a cabo la asamblea general del Centro de Comercio y all\u00ed quedar\u00e1 oficializada la asunci\u00f3n del licenciado Ra\u00fal Cheyllada como nuevo presidente de la entidad. El dirigente [&hellip;]<\/p>\n","protected":false},"author":4,"featured_media":48842,"comment_status":"open","ping_status":"closed","sticky":false,"template":"","format":"standard","meta":{"om_disable_all_campaigns":false,"_jetpack_memberships_contains_paid_content":false,"footnotes":""},"categories":[101,2],"tags":[],"class_list":["post-48841","post","type-post","status-publish","format-standard","has-post-thumbnail","hentry","category-interes-general-locales","category-locales"],"aioseo_notices":[],"gutentor_comment":0,"jetpack_featured_media_url":"https:\/\/eldiariodesanpedro.com.ar\/sitio\/wp-content\/uploads\/2019\/03\/000075947.jpg","jetpack_shortlink":"https:\/\/wp.me\/p6RhLt-cHL","jetpack_sharing_enabled":true,"_links":{"self":[{"href":"https:\/\/eldiariodesanpedro.com.ar\/sitio\/wp-json\/wp\/v2\/posts\/48841","targetHints":{"allow":["GET"]}}],"collection":[{"href":"https:\/\/eldiariodesanpedro.com.ar\/sitio\/wp-json\/wp\/v2\/posts"}],"about":[{"href":"https:\/\/eldiariodesanpedro.com.ar\/sitio\/wp-json\/wp\/v2\/types\/post"}],"author":[{"embeddable":true,"href":"https:\/\/eldiariodesanpedro.com.ar\/sitio\/wp-json\/wp\/v2\/users\/4"}],"replies":[{"embeddable":true,"href":"https:\/\/eldiariodesanpedro.com.ar\/sitio\/wp-json\/wp\/v2\/comments?post=48841"}],"version-history":[{"count":1,"href":"https:\/\/eldiariodesanpedro.com.ar\/sitio\/wp-json\/wp\/v2\/posts\/48841\/revisions"}],"predecessor-version":[{"id":48843,"href":"https:\/\/eldiariodesanpedro.com.ar\/sitio\/wp-json\/wp\/v2\/posts\/48841\/revisions\/48843"}],"wp:featuredmedia":[{"embeddable":true,"href":"https:\/\/eldiariodesanpedro.com.ar\/sitio\/wp-json\/wp\/v2\/media\/48842"}],"wp:attachment":[{"href":"https:\/\/eldiariodesanpedro.com.ar\/sitio\/wp-json\/wp\/v2\/media?parent=48841"}],"wp:term":[{"taxonomy":"category","embeddable":true,"href":"https:\/\/eldiariodesanpedro.com.ar\/sitio\/wp-json\/wp\/v2\/categories?post=48841"},{"taxonomy":"post_tag","embeddable":true,"href":"https:\/\/eldiariodesanpedro.com.ar\/sitio\/wp-json\/wp\/v2\/tags?post=48841"}],"curies":[{"name":"wp","href":"https:\/\/api.w.org\/{rel}","templated":true}]}}