{"id":48840,"date":"2019-03-12T11:13:52","date_gmt":"2019-03-12T14:13:52","guid":{"rendered":"https:\/\/eldiariodesanpedro.com.ar\/sitio\/?p=48840"},"modified":"2019-03-12T11:16:23","modified_gmt":"2019-03-12T14:16:23","slug":"campana-nacional-de-deteccion-de-glaucoma","status":"publish","type":"post","link":"https:\/\/eldiariodesanpedro.com.ar\/sitio\/campana-nacional-de-deteccion-de-glaucoma\/","title":{"rendered":"Campa\u00f1a Nacional de Detecci\u00f3n de Glaucoma"},"content":{"rendered":"<!-- VideographyWP Plugin Message: Automatic video embedding prevented by plugin options. -->\n\n<p>La Secretar\u00eda de Salud de la Municipalidad de San Pedro y el C\u00edrculo M\u00e9dico de San Pedro, informan que el viernes 15 de Marzo se llevar\u00e1 a cabo Campa\u00f1a Nacional de Detecci\u00f3n del Glaucoma, impulsada por el Consejo Argentino de Ofalmolog\u00eda, que tendr\u00e1 atenci\u00f3n gratuita en el Hospital y en los consultorios de Las Heras 602.<\/p>\n\n\n\n<p>En el Hospital Emilio Ruffa estar\u00e1n a cargo de la oftalm\u00f3loga Elisa Guillaume de 9 a 12 y de 15 a 20 horas.<\/p>\n\n\n\n<p>En los consultorios de Las Heras de 602 los realizar\u00e1 el oftalm\u00f3logo Mart\u00edn Orso de 9 a 12 y de 13 a 15.<\/p>\n\n\n\n<p>La campa\u00f1a est\u00e1 dirigida a la poblaci\u00f3n general, sin l\u00edmite de edad, y es totalmente gratuita.<\/p>\n\n\n\n<p>Quienes concurran recibir\u00e1n controles de presi\u00f3n intraocular y ex\u00e1menes de la papila del nervio \u00f3ptico.<\/p>\n\n\n\n<p>Estos ex\u00e1menes que son recomendables durante todo el a\u00f1o, en este caso se enmarcan en las acciones de la campa\u00f1a nacional y permiten detectar personas con alteraciones compatibles con glaucoma y sugerirles la consulta a un oftalm\u00f3logo o a su m\u00e9dico de cabecera para un posterior tratamiento.<\/p>\n\n\n\n<p>\u00bfQu\u00e9 es esta campa\u00f1a? Es una campa\u00f1a nacional de detecci\u00f3n del glaucoma, una patolog\u00eda que no suele presentar s\u00edntomas en sus comienzos pero que, si no es tratada a tiempo, puede desembocar en ceguera.<br> -\u00bfA qui\u00e9n est\u00e1 dirigida? A toda la poblaci\u00f3n, sin l\u00edmites de edad, debido a que el glaucoma puede afectar a cualquiera. Sin embargo, hay quienes tienen m\u00e1s riesgo de padecerlo:<br> \uf0b7 Personas mayores de 40 a\u00f1os de edad.<br> \uf0b7 Personas con familiares directos que padecen glaucoma.<br> \uf0b7 Personas que hay sufrido traumatismos en los ojos.<br> \uf0b7 Personas que usan o usaron corticoides.<br> \uf0b7 Personas que nunca asistieron al oftalm\u00f3logo.<br> \uf0b7 Personas a las que nunca se les tom\u00f3 la presi\u00f3n intraocular.<br> -\u00bfCu\u00e1ntos d\u00edas dura? Solo uno, el viernes 15 de marzo de 2019.<br> -\u00bfEn qu\u00e9 sedes y horarios se atiende? Hay sedes en casi todas las provincias argentinas. Cada sede decide el horario en el que atiende. Los datos se publican en la web del evento.<br> -\u00bfTengo que pagar algo? No, la campa\u00f1a es absolutamente gratuita.<br> -\u00bfQu\u00e9 me van a hacer? Se efect\u00faan controles de presi\u00f3n intraocular y ex\u00e1menes de la papila del nervio \u00f3ptico con el objetivo de detectar o descartar signos de glaucoma.<br> -\u00bfSon ex\u00e1menes dolorosos? No, son totalmente indoloros, y el paciente puede volver a su actividad con normalidad.<br> -\u00bfCu\u00e1nto tiempo dura la atenci\u00f3n m\u00e9dica? Todo se realiza en un par de minutos.<br> -\u00bfQu\u00e9 sucede si detectan s\u00edntomas de glaucoma? El paciente es derivado a su oftalm\u00f3logo de cabecera para realizar estudios m\u00e1s minuciosos y analizar la estrategia a seguir.<\/p>\n\n\n\n<p>M\u00e1s informaci\u00f3n en https:\/\/oftalmologos.org.ar\/glaucoma2019<\/p>\n","protected":false},"excerpt":{"rendered":"<p>La Secretar\u00eda de Salud de la Municipalidad de San Pedro y el C\u00edrculo M\u00e9dico de San Pedro, informan que el viernes 15 de Marzo se llevar\u00e1 a cabo Campa\u00f1a Nacional de Detecci\u00f3n del Glaucoma, impulsada por el Consejo Argentino de Ofalmolog\u00eda, que tendr\u00e1 atenci\u00f3n gratuita en el Hospital y en los consultorios de Las Heras [&hellip;]<\/p>\n","protected":false},"author":4,"featured_media":48866,"comment_status":"open","ping_status":"closed","sticky":false,"template":"","format":"standard","meta":{"om_disable_all_campaigns":false,"_jetpack_memberships_contains_paid_content":false,"footnotes":""},"categories":[101,2],"tags":[],"class_list":["post-48840","post","type-post","status-publish","format-standard","has-post-thumbnail","hentry","category-interes-general-locales","category-locales"],"aioseo_notices":[],"gutentor_comment":0,"jetpack_featured_media_url":"https:\/\/eldiariodesanpedro.com.ar\/sitio\/wp-content\/uploads\/2019\/03\/landscape_h__Gualeguaychu_1489748106.jpg","jetpack_shortlink":"https:\/\/wp.me\/p6RhLt-cHK","jetpack_sharing_enabled":true,"_links":{"self":[{"href":"https:\/\/eldiariodesanpedro.com.ar\/sitio\/wp-json\/wp\/v2\/posts\/48840","targetHints":{"allow":["GET"]}}],"collection":[{"href":"https:\/\/eldiariodesanpedro.com.ar\/sitio\/wp-json\/wp\/v2\/posts"}],"about":[{"href":"https:\/\/eldiariodesanpedro.com.ar\/sitio\/wp-json\/wp\/v2\/types\/post"}],"author":[{"embeddable":true,"href":"https:\/\/eldiariodesanpedro.com.ar\/sitio\/wp-json\/wp\/v2\/users\/4"}],"replies":[{"embeddable":true,"href":"https:\/\/eldiariodesanpedro.com.ar\/sitio\/wp-json\/wp\/v2\/comments?post=48840"}],"version-history":[{"count":1,"href":"https:\/\/eldiariodesanpedro.com.ar\/sitio\/wp-json\/wp\/v2\/posts\/48840\/revisions"}],"predecessor-version":[{"id":48863,"href":"https:\/\/eldiariodesanpedro.com.ar\/sitio\/wp-json\/wp\/v2\/posts\/48840\/revisions\/48863"}],"wp:featuredmedia":[{"embeddable":true,"href":"https:\/\/eldiariodesanpedro.com.ar\/sitio\/wp-json\/wp\/v2\/media\/48866"}],"wp:attachment":[{"href":"https:\/\/eldiariodesanpedro.com.ar\/sitio\/wp-json\/wp\/v2\/media?parent=48840"}],"wp:term":[{"taxonomy":"category","embeddable":true,"href":"https:\/\/eldiariodesanpedro.com.ar\/sitio\/wp-json\/wp\/v2\/categories?post=48840"},{"taxonomy":"post_tag","embeddable":true,"href":"https:\/\/eldiariodesanpedro.com.ar\/sitio\/wp-json\/wp\/v2\/tags?post=48840"}],"curies":[{"name":"wp","href":"https:\/\/api.w.org\/{rel}","templated":true}]}}