{"id":48831,"date":"2019-03-12T09:41:48","date_gmt":"2019-03-12T12:41:48","guid":{"rendered":"https:\/\/eldiariodesanpedro.com.ar\/sitio\/?p=48831"},"modified":"2019-03-12T09:42:01","modified_gmt":"2019-03-12T12:42:01","slug":"mauro-troilo-no-continuara-como-presidente-del-centro-de-comercio","status":"publish","type":"post","link":"https:\/\/eldiariodesanpedro.com.ar\/sitio\/mauro-troilo-no-continuara-como-presidente-del-centro-de-comercio\/","title":{"rendered":"Mauro Troilo no continuara como presidente del Centro de Comercio"},"content":{"rendered":"<!-- VideographyWP Plugin Message: Automatic video embedding prevented by plugin options. -->\n\n<p>As\u00ed lo confirmo a los medios locales de comunicacion. La comisi\u00f3n directiva se renovara hoy en una Asamblea General.<\/p>\n\n\n\n<p>Mauro Troilo, sera reemplazado por  Ra\u00fal Cheyllada quien encabeza la \u00fanica lista que se present\u00f3 en tiempo y forma.<br><\/p>\n\n\n\n<p>El presidente saliente  habl\u00f3 sobre la finalizaci\u00f3n de su mandato, \u00abtuve dos a\u00f1os de gesti\u00f3n y me parece que aveces no podes seguir avanzando en otras cosas y le doy lugar a una mirada nueva, cuando asum\u00ed pens\u00e9 San Pedro me dio un mont\u00f3n de cosas y quise devolv\u00e9rselo con trabajo, con mi capacidad con mi experiencia; la comisi\u00f3n directiva siempre me acompa\u00f1o, agregarle la palabra turismo sirvi\u00f3 y aporto mucho la c\u00e1mara nueva que hoy funciona de manera maravillosa\u00bb.<\/p>\n\n\n\n<p>An\u00edbal Righetti seguir\u00e1 siendo el vicepresidente, ya que no renueva mandato, N\u00e9stor Casal como Secretario, en lugar de Gustavo Gianelli, Roberto Seregni, actual Revisor de Cuentas, pasar\u00e1 a ser Tesorero en reemplazo de Sandro Dotti,  Carlos Allegrone ser\u00e1 el primer vocal, acompa\u00f1ado entre otros por Marta Ronte, Alejandro Pozzi, Rafael Gomila, Hugo Avalos, Silvia Sp\u00f3sito, Ricardo Ferrari y Roque D\u00edaz.<br><\/p>\n","protected":false},"excerpt":{"rendered":"<p>As\u00ed lo confirmo a los medios locales de comunicacion. La comisi\u00f3n directiva se renovara hoy en una Asamblea General. Mauro Troilo, sera reemplazado por Ra\u00fal Cheyllada quien encabeza la \u00fanica lista que se present\u00f3 en tiempo y forma. El presidente saliente habl\u00f3 sobre la finalizaci\u00f3n de su mandato, \u00abtuve dos a\u00f1os de gesti\u00f3n y me [&hellip;]<\/p>\n","protected":false},"author":4,"featured_media":48832,"comment_status":"open","ping_status":"closed","sticky":false,"template":"","format":"standard","meta":{"om_disable_all_campaigns":false,"_jetpack_memberships_contains_paid_content":false,"footnotes":""},"categories":[50,2,102],"tags":[],"class_list":["post-48831","post","type-post","status-publish","format-standard","has-post-thumbnail","hentry","category-destacadas","category-locales","category-politica-locales"],"aioseo_notices":[],"gutentor_comment":0,"jetpack_featured_media_url":"https:\/\/eldiariodesanpedro.com.ar\/sitio\/wp-content\/uploads\/2019\/03\/mauro_troilo_1280x768.jpg","jetpack_shortlink":"https:\/\/wp.me\/p6RhLt-cHB","jetpack_sharing_enabled":true,"_links":{"self":[{"href":"https:\/\/eldiariodesanpedro.com.ar\/sitio\/wp-json\/wp\/v2\/posts\/48831","targetHints":{"allow":["GET"]}}],"collection":[{"href":"https:\/\/eldiariodesanpedro.com.ar\/sitio\/wp-json\/wp\/v2\/posts"}],"about":[{"href":"https:\/\/eldiariodesanpedro.com.ar\/sitio\/wp-json\/wp\/v2\/types\/post"}],"author":[{"embeddable":true,"href":"https:\/\/eldiariodesanpedro.com.ar\/sitio\/wp-json\/wp\/v2\/users\/4"}],"replies":[{"embeddable":true,"href":"https:\/\/eldiariodesanpedro.com.ar\/sitio\/wp-json\/wp\/v2\/comments?post=48831"}],"version-history":[{"count":1,"href":"https:\/\/eldiariodesanpedro.com.ar\/sitio\/wp-json\/wp\/v2\/posts\/48831\/revisions"}],"predecessor-version":[{"id":48833,"href":"https:\/\/eldiariodesanpedro.com.ar\/sitio\/wp-json\/wp\/v2\/posts\/48831\/revisions\/48833"}],"wp:featuredmedia":[{"embeddable":true,"href":"https:\/\/eldiariodesanpedro.com.ar\/sitio\/wp-json\/wp\/v2\/media\/48832"}],"wp:attachment":[{"href":"https:\/\/eldiariodesanpedro.com.ar\/sitio\/wp-json\/wp\/v2\/media?parent=48831"}],"wp:term":[{"taxonomy":"category","embeddable":true,"href":"https:\/\/eldiariodesanpedro.com.ar\/sitio\/wp-json\/wp\/v2\/categories?post=48831"},{"taxonomy":"post_tag","embeddable":true,"href":"https:\/\/eldiariodesanpedro.com.ar\/sitio\/wp-json\/wp\/v2\/tags?post=48831"}],"curies":[{"name":"wp","href":"https:\/\/api.w.org\/{rel}","templated":true}]}}