{"id":48805,"date":"2019-03-11T18:02:43","date_gmt":"2019-03-11T21:02:43","guid":{"rendered":"https:\/\/eldiariodesanpedro.com.ar\/sitio\/?p=48805"},"modified":"2019-03-11T18:02:55","modified_gmt":"2019-03-11T21:02:55","slug":"bagsa-convoca-a-gasistas-matriculados-para-las-instalaciones-en-santa-lucia","status":"publish","type":"post","link":"https:\/\/eldiariodesanpedro.com.ar\/sitio\/bagsa-convoca-a-gasistas-matriculados-para-las-instalaciones-en-santa-lucia\/","title":{"rendered":"BAGSA convoca a gasistas matriculados para las instalaciones en Santa Luc\u00eda"},"content":{"rendered":"<!-- VideographyWP Plugin Message: Automatic video embedding prevented by plugin options. -->\n\n<p> El pr\u00f3ximo mi\u00e9rcoles 13 a las 12 hs, en las instalaciones de la \u00abCooperativa de Servicios P\u00fablicos de Santa Lucia Ltda\u00bb ubicada en calle Ayacucho N\u00ba 330 de dicha localidad, se realizar\u00e1 la primera reuni\u00f3n para gasistas matriculados del Plan Mejor Hogar. <\/p>\n\n\n\n<p>El mismo proviene del Ministerio del Interior, Obras P\u00fablicas y Viviendas de la Naci\u00f3n.\u00a0El equipo t\u00e9cnico de Buenos Aires Gas S.A., llevar\u00e1 a cabo una jornada de car\u00e1cter informativa estrictamente para gasistas matriculados y as\u00ed promocionar esta l\u00ednea de cr\u00e9ditos que busca que las familias accedan al financiamiento para la instalaci\u00f3n domiciliaria de red de gas. <\/p>\n","protected":false},"excerpt":{"rendered":"<p>El pr\u00f3ximo mi\u00e9rcoles 13 a las 12 hs, en las instalaciones de la \u00abCooperativa de Servicios P\u00fablicos de Santa Lucia Ltda\u00bb ubicada en calle Ayacucho N\u00ba 330 de dicha localidad, se realizar\u00e1 la primera reuni\u00f3n para gasistas matriculados del Plan Mejor Hogar. El mismo proviene del Ministerio del Interior, Obras P\u00fablicas y Viviendas de la [&hellip;]<\/p>\n","protected":false},"author":4,"featured_media":48826,"comment_status":"open","ping_status":"closed","sticky":false,"template":"","format":"standard","meta":{"om_disable_all_campaigns":false,"_jetpack_memberships_contains_paid_content":false,"footnotes":""},"categories":[101,2],"tags":[],"class_list":["post-48805","post","type-post","status-publish","format-standard","has-post-thumbnail","hentry","category-interes-general-locales","category-locales"],"aioseo_notices":[],"gutentor_comment":0,"jetpack_featured_media_url":"https:\/\/eldiariodesanpedro.com.ar\/sitio\/wp-content\/uploads\/2019\/03\/67596_imagen.jpg","jetpack_shortlink":"https:\/\/wp.me\/p6RhLt-cHb","jetpack_sharing_enabled":true,"_links":{"self":[{"href":"https:\/\/eldiariodesanpedro.com.ar\/sitio\/wp-json\/wp\/v2\/posts\/48805","targetHints":{"allow":["GET"]}}],"collection":[{"href":"https:\/\/eldiariodesanpedro.com.ar\/sitio\/wp-json\/wp\/v2\/posts"}],"about":[{"href":"https:\/\/eldiariodesanpedro.com.ar\/sitio\/wp-json\/wp\/v2\/types\/post"}],"author":[{"embeddable":true,"href":"https:\/\/eldiariodesanpedro.com.ar\/sitio\/wp-json\/wp\/v2\/users\/4"}],"replies":[{"embeddable":true,"href":"https:\/\/eldiariodesanpedro.com.ar\/sitio\/wp-json\/wp\/v2\/comments?post=48805"}],"version-history":[{"count":1,"href":"https:\/\/eldiariodesanpedro.com.ar\/sitio\/wp-json\/wp\/v2\/posts\/48805\/revisions"}],"predecessor-version":[{"id":48827,"href":"https:\/\/eldiariodesanpedro.com.ar\/sitio\/wp-json\/wp\/v2\/posts\/48805\/revisions\/48827"}],"wp:featuredmedia":[{"embeddable":true,"href":"https:\/\/eldiariodesanpedro.com.ar\/sitio\/wp-json\/wp\/v2\/media\/48826"}],"wp:attachment":[{"href":"https:\/\/eldiariodesanpedro.com.ar\/sitio\/wp-json\/wp\/v2\/media?parent=48805"}],"wp:term":[{"taxonomy":"category","embeddable":true,"href":"https:\/\/eldiariodesanpedro.com.ar\/sitio\/wp-json\/wp\/v2\/categories?post=48805"},{"taxonomy":"post_tag","embeddable":true,"href":"https:\/\/eldiariodesanpedro.com.ar\/sitio\/wp-json\/wp\/v2\/tags?post=48805"}],"curies":[{"name":"wp","href":"https:\/\/api.w.org\/{rel}","templated":true}]}}