{"id":487,"date":"2015-11-26T19:13:07","date_gmt":"2015-11-26T22:13:07","guid":{"rendered":"http:\/\/www.eldiariodesanpedro.com.ar\/?p=487"},"modified":"2026-01-23T23:21:39","modified_gmt":"2026-01-24T02:21:39","slug":"se-lanzo-odeon-la-plataforma-publica-de-contenidos-audiovisuales","status":"publish","type":"post","link":"https:\/\/eldiariodesanpedro.com.ar\/sitio\/se-lanzo-odeon-la-plataforma-publica-de-contenidos-audiovisuales\/","title":{"rendered":"Se lanz\u00f3 Ode\u00f3n, la plataforma p\u00fablica de contenidos audiovisuales"},"content":{"rendered":"<p><!-- VideographyWP Plugin Message: Automatic video embedding prevented by plugin options. --><br \/>\n(T\u00e9lam) &#8211; Cristina Fern\u00e1ndez de Kirchner lanz\u00f3 oficialmente la plataforma, con series y pel\u00edculas argentinas y que luego incorporar\u00e1 productos regionales, y que mediante el formato \u00abVideo a demanda\u00bb ser\u00e1 una nueva v\u00eda de exhibici\u00f3n y comercializaci\u00f3n. Por el momento es gratis pero en 2016 habr\u00e1 una suscripci\u00f3n.<br \/>\n   En una visita al Hospital Posadas, en la localidad bonaerense de Palomar, la jefa del Estado explic\u00f3 que la plataforma cuenta con 31 millones de pesos del Tesoro Nacional, como inversi\u00f3n inicial del Instituto Nacional de Cine y Artes Audiovisuales y y m\u00e1s de 3 millones de pesos de inversi\u00f3n inicial en desarrollo tecnol\u00f3gico Arsat.<br \/>\n   La curadur\u00eda de contenidos, todo lo vinculado a la comunicaci\u00f3n, gesti\u00f3n de derechos de exhibici\u00f3n y el dise\u00f1o gr\u00e1fico de la plataforma quedar\u00e1 bajo responsabilidad del Incaa, mientras que el desarrollo tecnol\u00f3gico, la gesti\u00f3n comercial, el almacenamiento de contenidos y transmisi\u00f3n estar\u00e1 a cargo de Arsat.<br \/>\n   La articulaci\u00f3n estrat\u00e9gica de Incaa-Arsat contar\u00e1 con socios como el Banco Audiovisual de Contenidos Universales Argentino (Bacua), Contenidos Digitales Abiertos (CDA), el Centro de Producci\u00f3n e Investigaci\u00f3n Audiovisual (CePIA), F\u00fatbol para Todos, Televisi\u00f3n Digital Abierta (TDA), el portal Educar, la Escuela Nacional de Experimentaci\u00f3n y Realizaci\u00f3n Cinematogr\u00e1fica (Enerc), \u00abConectate\u00bb y RTA (Radio y Televisi\u00f3n Argentina).<br \/>\n   El 67 por ciento de los hogares del pa\u00eds tiene computadora y el 61,8 por ciento cuenta con servicio de internet, y seg\u00fan reflejan los n\u00fameros del Sinca (Sistema de Informaci\u00f3n Cultural de la Argentina), 9 de cada 10 argentinos consumieron alg\u00fan producto audiovisual en 2013 y, entre ellos, el 62% reconoce haber elegido cine nacional.<br \/>\n   Por su parte, la Encuesta Nacional sobre Acceso y Uso de Tecnolog\u00edas de la Informaci\u00f3n y la Comunicaci\u00f3n refleja unos 10,6 puntos porcentuales de aumento en el uso de la computadora respecto de 2011 y que, adem\u00e1s, se notan unos 13,8 puntos porcentuales de aumento en el acceso a internet.<br \/>\n   La plataforma Odeon tiene como metas aportar a la inclusi\u00f3n cultural y la soberan\u00eda tecnol\u00f3gica; establecer una nueva v\u00eda de exhibici\u00f3n para el estreno y la circulaci\u00f3n de contenidos nacionales, que aporte a la defensa y difusi\u00f3n de la cultura argentina y su diversidad; ofrecer una nueva v\u00eda de comercializaci\u00f3n a la industria audiovisual, en articulaci\u00f3n p\u00fablico-privado, que aporte al fomento del sector y distribuya ingresos en toda la cadena de valor.<br \/>\n   Tambi\u00e9n entre sus metas est\u00e1 poner a disposici\u00f3n del p\u00fablico el vasto contenido audiovisual producido por el estado nacional en sus distintos formatos; proteger los derechos de autor y desalentar la venta ilegal de pel\u00edculas; articular y coordinar l\u00edneas de acci\u00f3n entre organismos p\u00fablicos y privados que producen contenido udiovisual para el p\u00fablico general.<br \/>\n   Los beneficios que traer\u00e1 Ode\u00f3n, a trav\u00e9s del site www.odeon.com.ar, es acceder a trav\u00e9s de internet la producci\u00f3n audiovisual nacional.<br \/>\n   La plataforma, una suerte de Netflix a la argentina como se le ha dado en llamar entre quienes ya conoc\u00edan el proyecto, se podr\u00e1n comprobar en tanto \u00abnueva ventana de exhibici\u00f3n\u00bb para la industria audiovisual argentina y \u00abnueva fuente de ingreso\u00bb para el fomento de nuevas producciones, el derecho de autor de sus creadores como as\u00ed tambi\u00e9n de productores y distribuidores.<\/p>\n","protected":false},"excerpt":{"rendered":"<p>(T\u00e9lam) &#8211; Cristina Fern\u00e1ndez de Kirchner lanz\u00f3 oficialmente la plataforma, con series y pel\u00edculas argentinas y que luego incorporar\u00e1 productos regionales, y que mediante el formato \u00abVideo a demanda\u00bb ser\u00e1 una nueva v\u00eda de exhibici\u00f3n y comercializaci\u00f3n. Por el momento es gratis pero en 2016 habr\u00e1 una suscripci\u00f3n. En una visita al Hospital Posadas, en [&hellip;]<\/p>\n","protected":false},"author":4,"featured_media":489,"comment_status":"open","ping_status":"closed","sticky":false,"template":"","format":"standard","meta":{"om_disable_all_campaigns":false,"_jetpack_memberships_contains_paid_content":false,"footnotes":""},"categories":[3],"tags":[],"class_list":["post-487","post","type-post","status-publish","format-standard","has-post-thumbnail","hentry","category-nacionales"],"aioseo_notices":[],"gutentor_comment":0,"jetpack_featured_media_url":"https:\/\/eldiariodesanpedro.com.ar\/sitio\/wp-content\/uploads\/2015\/11\/Ode\u00f3n.jpg","jetpack_shortlink":"https:\/\/wp.me\/p6RhLt-7R","jetpack_sharing_enabled":true,"_links":{"self":[{"href":"https:\/\/eldiariodesanpedro.com.ar\/sitio\/wp-json\/wp\/v2\/posts\/487","targetHints":{"allow":["GET"]}}],"collection":[{"href":"https:\/\/eldiariodesanpedro.com.ar\/sitio\/wp-json\/wp\/v2\/posts"}],"about":[{"href":"https:\/\/eldiariodesanpedro.com.ar\/sitio\/wp-json\/wp\/v2\/types\/post"}],"author":[{"embeddable":true,"href":"https:\/\/eldiariodesanpedro.com.ar\/sitio\/wp-json\/wp\/v2\/users\/4"}],"replies":[{"embeddable":true,"href":"https:\/\/eldiariodesanpedro.com.ar\/sitio\/wp-json\/wp\/v2\/comments?post=487"}],"version-history":[{"count":1,"href":"https:\/\/eldiariodesanpedro.com.ar\/sitio\/wp-json\/wp\/v2\/posts\/487\/revisions"}],"predecessor-version":[{"id":490,"href":"https:\/\/eldiariodesanpedro.com.ar\/sitio\/wp-json\/wp\/v2\/posts\/487\/revisions\/490"}],"wp:featuredmedia":[{"embeddable":true,"href":"https:\/\/eldiariodesanpedro.com.ar\/sitio\/wp-json\/wp\/v2\/media\/489"}],"wp:attachment":[{"href":"https:\/\/eldiariodesanpedro.com.ar\/sitio\/wp-json\/wp\/v2\/media?parent=487"}],"wp:term":[{"taxonomy":"category","embeddable":true,"href":"https:\/\/eldiariodesanpedro.com.ar\/sitio\/wp-json\/wp\/v2\/categories?post=487"},{"taxonomy":"post_tag","embeddable":true,"href":"https:\/\/eldiariodesanpedro.com.ar\/sitio\/wp-json\/wp\/v2\/tags?post=487"}],"curies":[{"name":"wp","href":"https:\/\/api.w.org\/{rel}","templated":true}]}}