{"id":48418,"date":"2019-03-01T10:06:05","date_gmt":"2019-03-01T13:06:05","guid":{"rendered":"https:\/\/eldiariodesanpedro.com.ar\/sitio\/?p=48418"},"modified":"2019-03-01T10:06:21","modified_gmt":"2019-03-01T13:06:21","slug":"acuerdo-para-cursos-de-capacitacion-y-educacion-vial","status":"publish","type":"post","link":"https:\/\/eldiariodesanpedro.com.ar\/sitio\/acuerdo-para-cursos-de-capacitacion-y-educacion-vial\/","title":{"rendered":"Acuerdo para cursos de capacitaci\u00f3n y educaci\u00f3n vial"},"content":{"rendered":"<!-- VideographyWP Plugin Message: Automatic video embedding prevented by plugin options. -->\n\n<p>Se firm\u00f3 un acuerdo con la Asociaci\u00f3n de la Justicia Municipal Bonaerense, mediante el cual, el municipio va a obtener la participaci\u00f3n de cursos de capacitaci\u00f3n para personal municipal, para la reeducaci\u00f3n de infractores y colaboraci\u00f3n en todo lo inherente a la seguridad vial y las materias de competencia de la Justicia Municipal de Faltas.<\/p>\n\n\n\n<p>Estuvieron presentes junto al Intendente Municipal Cecilio Salazar, el Presidente de la Asociaci\u00f3n Dr. Carlos Rey, el Secretario de Econom\u00eda y Hacienda de la ciudad, Dr. Fabi\u00e1n Rodr\u00edguez y el presidente del bloque de concejales Cambiemos del HCD Iv\u00e1n Paz.<br><\/p>\n","protected":false},"excerpt":{"rendered":"<p>Se firm\u00f3 un acuerdo con la Asociaci\u00f3n de la Justicia Municipal Bonaerense, mediante el cual, el municipio va a obtener la participaci\u00f3n de cursos de capacitaci\u00f3n para personal municipal, para la reeducaci\u00f3n de infractores y colaboraci\u00f3n en todo lo inherente a la seguridad vial y las materias de competencia de la Justicia Municipal de Faltas. [&hellip;]<\/p>\n","protected":false},"author":4,"featured_media":48419,"comment_status":"open","ping_status":"closed","sticky":false,"template":"","format":"standard","meta":{"om_disable_all_campaigns":false,"_jetpack_memberships_contains_paid_content":false,"footnotes":""},"categories":[101,2],"tags":[],"class_list":["post-48418","post","type-post","status-publish","format-standard","has-post-thumbnail","hentry","category-interes-general-locales","category-locales"],"aioseo_notices":[],"gutentor_comment":0,"jetpack_featured_media_url":"https:\/\/eldiariodesanpedro.com.ar\/sitio\/wp-content\/uploads\/2019\/03\/BI4A2922.jpg","jetpack_shortlink":"https:\/\/wp.me\/p6RhLt-cAW","jetpack_sharing_enabled":true,"_links":{"self":[{"href":"https:\/\/eldiariodesanpedro.com.ar\/sitio\/wp-json\/wp\/v2\/posts\/48418","targetHints":{"allow":["GET"]}}],"collection":[{"href":"https:\/\/eldiariodesanpedro.com.ar\/sitio\/wp-json\/wp\/v2\/posts"}],"about":[{"href":"https:\/\/eldiariodesanpedro.com.ar\/sitio\/wp-json\/wp\/v2\/types\/post"}],"author":[{"embeddable":true,"href":"https:\/\/eldiariodesanpedro.com.ar\/sitio\/wp-json\/wp\/v2\/users\/4"}],"replies":[{"embeddable":true,"href":"https:\/\/eldiariodesanpedro.com.ar\/sitio\/wp-json\/wp\/v2\/comments?post=48418"}],"version-history":[{"count":1,"href":"https:\/\/eldiariodesanpedro.com.ar\/sitio\/wp-json\/wp\/v2\/posts\/48418\/revisions"}],"predecessor-version":[{"id":48420,"href":"https:\/\/eldiariodesanpedro.com.ar\/sitio\/wp-json\/wp\/v2\/posts\/48418\/revisions\/48420"}],"wp:featuredmedia":[{"embeddable":true,"href":"https:\/\/eldiariodesanpedro.com.ar\/sitio\/wp-json\/wp\/v2\/media\/48419"}],"wp:attachment":[{"href":"https:\/\/eldiariodesanpedro.com.ar\/sitio\/wp-json\/wp\/v2\/media?parent=48418"}],"wp:term":[{"taxonomy":"category","embeddable":true,"href":"https:\/\/eldiariodesanpedro.com.ar\/sitio\/wp-json\/wp\/v2\/categories?post=48418"},{"taxonomy":"post_tag","embeddable":true,"href":"https:\/\/eldiariodesanpedro.com.ar\/sitio\/wp-json\/wp\/v2\/tags?post=48418"}],"curies":[{"name":"wp","href":"https:\/\/api.w.org\/{rel}","templated":true}]}}