{"id":48415,"date":"2019-03-01T10:04:31","date_gmt":"2019-03-01T13:04:31","guid":{"rendered":"https:\/\/eldiariodesanpedro.com.ar\/sitio\/?p=48415"},"modified":"2019-03-01T10:04:42","modified_gmt":"2019-03-01T13:04:42","slug":"lanzamiento-de-la-campana-de-prevencion-y-deteccion-del-cancer-colorrectal","status":"publish","type":"post","link":"https:\/\/eldiariodesanpedro.com.ar\/sitio\/lanzamiento-de-la-campana-de-prevencion-y-deteccion-del-cancer-colorrectal\/","title":{"rendered":"Lanzamiento de la Campa\u00f1a de Prevenci\u00f3n y Detecci\u00f3n del C\u00e1ncer Colorrectal"},"content":{"rendered":"<!-- VideographyWP Plugin Message: Automatic video embedding prevented by plugin options. -->\n\n<p> Esta ma\u00f1ana de martes se desarroll\u00f3, en la Secretar\u00eda de Salud, el lanzamiento\u00a0 de la Campa\u00f1a de Prevenci\u00f3n y Detecci\u00f3n de C\u00e1ncer Colorrectal, que se estar\u00e1 desarrollando durante el mes de marzo.<\/p>\n\n\n\n<p>Desde la Municipalidad de San Pedro se est\u00e1 haciendo hincapi\u00e9 en la prevenci\u00f3n de este tipo de patolog\u00edas y declara esta campa\u00f1a de inter\u00e9s municipal.<\/p>\n\n\n\n<p>El Jefe Comunal destac\u00f3 la importancia de esta campa\u00f1a y dijo que \u201chay que hacer el esfuerzo para trabajar sobre la prevenci\u00f3n, ya que \u00e9sta patolog\u00eda tiene una alta incidencia y es prevenible\u201d. Por su parte, el Secretario de Salud Guillermo Sancho,\u00a0 agradeci\u00f3 la presencia del Intendente \u201cpor apoyar en todo sentido las iniciativas en salud p\u00fablica\u201d. Tambi\u00e9n agradeci\u00f3 a un grupo de profesionales que, interesados en trabajar desde la prevenci\u00f3n acercaron esta propuesta, los cuales son Dr Adri\u00e1n Spotti, Dra Florencia Paris, Lic Macarena Ansaloni, Lic Claudia Mor.<\/p>\n\n\n\n<p>La campa\u00f1a de detecci\u00f3n \u00a0se desarrollar\u00e1 en todos los hospitales y centros de salud de la ciudad, desde el \u00a06 al 29 de marzo y est\u00e1 destinada a personas de entre 50 y 75 a\u00f1os. Consiste en la entrega de kits en el establecimiento de salud m\u00e1s cercano, para que la gente despeje todas sus inquietudes y pueda realizarse los controles correspondientes.<\/p>\n\n\n\n<p>El mes de marzo es el mes mundial de la prevenci\u00f3n y detecci\u00f3n del c\u00e1ncer colorrectal, que es el 2do c\u00e1ncer m\u00e1s frecuente con 15600 casos nuevos anuales y alrededor de 8000 muertes. Se adhieren a la campa\u00f1a Lalcec y Circulo M\u00e9dico. <\/p>\n","protected":false},"excerpt":{"rendered":"<p>Esta ma\u00f1ana de martes se desarroll\u00f3, en la Secretar\u00eda de Salud, el lanzamiento\u00a0 de la Campa\u00f1a de Prevenci\u00f3n y Detecci\u00f3n de C\u00e1ncer Colorrectal, que se estar\u00e1 desarrollando durante el mes de marzo. Desde la Municipalidad de San Pedro se est\u00e1 haciendo hincapi\u00e9 en la prevenci\u00f3n de este tipo de patolog\u00edas y declara esta campa\u00f1a de [&hellip;]<\/p>\n","protected":false},"author":4,"featured_media":48416,"comment_status":"open","ping_status":"closed","sticky":false,"template":"","format":"standard","meta":{"om_disable_all_campaigns":false,"_jetpack_memberships_contains_paid_content":false,"footnotes":""},"categories":[2,102],"tags":[],"class_list":["post-48415","post","type-post","status-publish","format-standard","has-post-thumbnail","hentry","category-locales","category-politica-locales"],"aioseo_notices":[],"gutentor_comment":0,"jetpack_featured_media_url":"https:\/\/eldiariodesanpedro.com.ar\/sitio\/wp-content\/uploads\/2019\/03\/BI4A2836-e1551445432470.jpg","jetpack_shortlink":"https:\/\/wp.me\/p6RhLt-cAT","jetpack_sharing_enabled":true,"_links":{"self":[{"href":"https:\/\/eldiariodesanpedro.com.ar\/sitio\/wp-json\/wp\/v2\/posts\/48415","targetHints":{"allow":["GET"]}}],"collection":[{"href":"https:\/\/eldiariodesanpedro.com.ar\/sitio\/wp-json\/wp\/v2\/posts"}],"about":[{"href":"https:\/\/eldiariodesanpedro.com.ar\/sitio\/wp-json\/wp\/v2\/types\/post"}],"author":[{"embeddable":true,"href":"https:\/\/eldiariodesanpedro.com.ar\/sitio\/wp-json\/wp\/v2\/users\/4"}],"replies":[{"embeddable":true,"href":"https:\/\/eldiariodesanpedro.com.ar\/sitio\/wp-json\/wp\/v2\/comments?post=48415"}],"version-history":[{"count":1,"href":"https:\/\/eldiariodesanpedro.com.ar\/sitio\/wp-json\/wp\/v2\/posts\/48415\/revisions"}],"predecessor-version":[{"id":48417,"href":"https:\/\/eldiariodesanpedro.com.ar\/sitio\/wp-json\/wp\/v2\/posts\/48415\/revisions\/48417"}],"wp:featuredmedia":[{"embeddable":true,"href":"https:\/\/eldiariodesanpedro.com.ar\/sitio\/wp-json\/wp\/v2\/media\/48416"}],"wp:attachment":[{"href":"https:\/\/eldiariodesanpedro.com.ar\/sitio\/wp-json\/wp\/v2\/media?parent=48415"}],"wp:term":[{"taxonomy":"category","embeddable":true,"href":"https:\/\/eldiariodesanpedro.com.ar\/sitio\/wp-json\/wp\/v2\/categories?post=48415"},{"taxonomy":"post_tag","embeddable":true,"href":"https:\/\/eldiariodesanpedro.com.ar\/sitio\/wp-json\/wp\/v2\/tags?post=48415"}],"curies":[{"name":"wp","href":"https:\/\/api.w.org\/{rel}","templated":true}]}}