{"id":48406,"date":"2019-02-28T12:24:22","date_gmt":"2019-02-28T15:24:22","guid":{"rendered":"https:\/\/eldiariodesanpedro.com.ar\/sitio\/?p=48406"},"modified":"2019-02-28T12:24:32","modified_gmt":"2019-02-28T15:24:32","slug":"zarate-municipio-pone-en-valor-el-edificio-de-la-ex-aduana-en-la-costanera","status":"publish","type":"post","link":"https:\/\/eldiariodesanpedro.com.ar\/sitio\/zarate-municipio-pone-en-valor-el-edificio-de-la-ex-aduana-en-la-costanera\/","title":{"rendered":"ZARATE: Municipio pone en valor el edificio de la ex Aduana en la Costanera"},"content":{"rendered":"<!-- VideographyWP Plugin Message: Automatic video embedding prevented by plugin options. -->\n\n<p>\n\nEl Municipio de Z\u00e1rate comenz\u00f3 en febrero la puesta en valor del galp\u00f3n del ex muelle fiscal ubicado en el Paseo de la Ribera y que forma parte del \u201cMercado de Z\u00e1rate \u2013 Ciudad del Tango\u201d.<\/p>\n\n\n\n<p>En esta segunda etapa el objetivo es que el edificio luzca tal cual como cuando fue inaugurado a principios del siglo XX. Se eliminar\u00e1 el dep\u00f3sito, se construir\u00e1n ba\u00f1os, se est\u00e1 reparando el techo, las aberturas, las paredes y la cubierta que lucir\u00e1n igual a cuando fue inaugurado hace m\u00e1s de 100 a\u00f1os.<\/p>\n\n\n\n<p>Las aberturas est\u00e1n siendo reconstruidas, se edificar\u00e1 un peque\u00f1o entrepiso para posibles oficinas y un deck. Adem\u00e1s, se repararon las goteras del techo y se est\u00e1n colocando nuevos desag\u00fces pluviales.<\/p>\n\n\n\n<p>Su interior totalmente restaurado quedar\u00e1 m\u00e1s amplio y con mejores posibilidades para que all\u00ed se desarrollen todo tipo de actividades culturales o tur\u00edsticas, entre otras.<\/p>\n\n\n\n<p>Fuente: Enlace Critico<\/p>\n","protected":false},"excerpt":{"rendered":"<p>El Municipio de Z\u00e1rate comenz\u00f3 en febrero la puesta en valor del galp\u00f3n del ex muelle fiscal ubicado en el Paseo de la Ribera y que forma parte del \u201cMercado de Z\u00e1rate \u2013 Ciudad del Tango\u201d. En esta segunda etapa el objetivo es que el edificio luzca tal cual como cuando fue inaugurado a principios [&hellip;]<\/p>\n","protected":false},"author":4,"featured_media":48407,"comment_status":"open","ping_status":"closed","sticky":false,"template":"","format":"standard","meta":{"om_disable_all_campaigns":false,"_jetpack_memberships_contains_paid_content":false,"footnotes":""},"categories":[621],"tags":[],"class_list":["post-48406","post","type-post","status-publish","format-standard","has-post-thumbnail","hentry","category-regionales"],"aioseo_notices":[],"gutentor_comment":0,"jetpack_featured_media_url":"https:\/\/eldiariodesanpedro.com.ar\/sitio\/wp-content\/uploads\/2019\/02\/ex-galpon-aduana-1_658x400.jpeg","jetpack_shortlink":"https:\/\/wp.me\/p6RhLt-cAK","jetpack_sharing_enabled":true,"_links":{"self":[{"href":"https:\/\/eldiariodesanpedro.com.ar\/sitio\/wp-json\/wp\/v2\/posts\/48406","targetHints":{"allow":["GET"]}}],"collection":[{"href":"https:\/\/eldiariodesanpedro.com.ar\/sitio\/wp-json\/wp\/v2\/posts"}],"about":[{"href":"https:\/\/eldiariodesanpedro.com.ar\/sitio\/wp-json\/wp\/v2\/types\/post"}],"author":[{"embeddable":true,"href":"https:\/\/eldiariodesanpedro.com.ar\/sitio\/wp-json\/wp\/v2\/users\/4"}],"replies":[{"embeddable":true,"href":"https:\/\/eldiariodesanpedro.com.ar\/sitio\/wp-json\/wp\/v2\/comments?post=48406"}],"version-history":[{"count":1,"href":"https:\/\/eldiariodesanpedro.com.ar\/sitio\/wp-json\/wp\/v2\/posts\/48406\/revisions"}],"predecessor-version":[{"id":48408,"href":"https:\/\/eldiariodesanpedro.com.ar\/sitio\/wp-json\/wp\/v2\/posts\/48406\/revisions\/48408"}],"wp:featuredmedia":[{"embeddable":true,"href":"https:\/\/eldiariodesanpedro.com.ar\/sitio\/wp-json\/wp\/v2\/media\/48407"}],"wp:attachment":[{"href":"https:\/\/eldiariodesanpedro.com.ar\/sitio\/wp-json\/wp\/v2\/media?parent=48406"}],"wp:term":[{"taxonomy":"category","embeddable":true,"href":"https:\/\/eldiariodesanpedro.com.ar\/sitio\/wp-json\/wp\/v2\/categories?post=48406"},{"taxonomy":"post_tag","embeddable":true,"href":"https:\/\/eldiariodesanpedro.com.ar\/sitio\/wp-json\/wp\/v2\/tags?post=48406"}],"curies":[{"name":"wp","href":"https:\/\/api.w.org\/{rel}","templated":true}]}}