{"id":48403,"date":"2019-02-28T12:23:08","date_gmt":"2019-02-28T15:23:08","guid":{"rendered":"https:\/\/eldiariodesanpedro.com.ar\/sitio\/?p=48403"},"modified":"2019-02-28T12:23:16","modified_gmt":"2019-02-28T15:23:16","slug":"baradero-entrega-de-certificados-de-la-capacitacion-en-sustentabilidad-ambiental-gestion-integral-de-residuos-y-eficiencia-energetica","status":"publish","type":"post","link":"https:\/\/eldiariodesanpedro.com.ar\/sitio\/baradero-entrega-de-certificados-de-la-capacitacion-en-sustentabilidad-ambiental-gestion-integral-de-residuos-y-eficiencia-energetica\/","title":{"rendered":"BARADERO: Entrega de certificados de la capacitaci\u00f3n en sustentabilidad ambiental, gesti\u00f3n integral de residuos y eficiencia energ\u00e9tica"},"content":{"rendered":"<!-- VideographyWP Plugin Message: Automatic video embedding prevented by plugin options. -->\n\n<p>\n\nLa Municipalidad de Baradero a trav\u00e9s de la Subsecretar\u00eda de Ambiente y Espacios Verdes invita a todos los docentes que realizaron la capacitaci\u00f3n en sustentabilidad ambiental, gesti\u00f3n integral de residuos y eficiencia energ\u00e9tica a la entrega formal de los certificados.<\/p>\n\n\n\n<p>El acto se llevar\u00e1 adelante&nbsp;el jueves 28 de febrero a las 20:00 horas&nbsp;en el sal\u00f3n del Honorable Concejo Deliberante.<\/p>\n\n\n\n<p>En el caso que as\u00ed lo deseen, hacer extensiva la invitaci\u00f3n a familiares y\/o amigos. Esperamos contar con su presencia.<\/p>\n\n\n\n<p><\/p>\n","protected":false},"excerpt":{"rendered":"<p>La Municipalidad de Baradero a trav\u00e9s de la Subsecretar\u00eda de Ambiente y Espacios Verdes invita a todos los docentes que realizaron la capacitaci\u00f3n en sustentabilidad ambiental, gesti\u00f3n integral de residuos y eficiencia energ\u00e9tica a la entrega formal de los certificados. El acto se llevar\u00e1 adelante&nbsp;el jueves 28 de febrero a las 20:00 horas&nbsp;en el sal\u00f3n [&hellip;]<\/p>\n","protected":false},"author":4,"featured_media":48404,"comment_status":"open","ping_status":"closed","sticky":false,"template":"","format":"standard","meta":{"om_disable_all_campaigns":false,"_jetpack_memberships_contains_paid_content":false,"footnotes":""},"categories":[621],"tags":[],"class_list":["post-48403","post","type-post","status-publish","format-standard","has-post-thumbnail","hentry","category-regionales"],"aioseo_notices":[],"gutentor_comment":0,"jetpack_featured_media_url":"https:\/\/eldiariodesanpedro.com.ar\/sitio\/wp-content\/uploads\/2019\/02\/thumbnail-21-640x428.jpg","jetpack_shortlink":"https:\/\/wp.me\/p6RhLt-cAH","jetpack_sharing_enabled":true,"_links":{"self":[{"href":"https:\/\/eldiariodesanpedro.com.ar\/sitio\/wp-json\/wp\/v2\/posts\/48403","targetHints":{"allow":["GET"]}}],"collection":[{"href":"https:\/\/eldiariodesanpedro.com.ar\/sitio\/wp-json\/wp\/v2\/posts"}],"about":[{"href":"https:\/\/eldiariodesanpedro.com.ar\/sitio\/wp-json\/wp\/v2\/types\/post"}],"author":[{"embeddable":true,"href":"https:\/\/eldiariodesanpedro.com.ar\/sitio\/wp-json\/wp\/v2\/users\/4"}],"replies":[{"embeddable":true,"href":"https:\/\/eldiariodesanpedro.com.ar\/sitio\/wp-json\/wp\/v2\/comments?post=48403"}],"version-history":[{"count":1,"href":"https:\/\/eldiariodesanpedro.com.ar\/sitio\/wp-json\/wp\/v2\/posts\/48403\/revisions"}],"predecessor-version":[{"id":48405,"href":"https:\/\/eldiariodesanpedro.com.ar\/sitio\/wp-json\/wp\/v2\/posts\/48403\/revisions\/48405"}],"wp:featuredmedia":[{"embeddable":true,"href":"https:\/\/eldiariodesanpedro.com.ar\/sitio\/wp-json\/wp\/v2\/media\/48404"}],"wp:attachment":[{"href":"https:\/\/eldiariodesanpedro.com.ar\/sitio\/wp-json\/wp\/v2\/media?parent=48403"}],"wp:term":[{"taxonomy":"category","embeddable":true,"href":"https:\/\/eldiariodesanpedro.com.ar\/sitio\/wp-json\/wp\/v2\/categories?post=48403"},{"taxonomy":"post_tag","embeddable":true,"href":"https:\/\/eldiariodesanpedro.com.ar\/sitio\/wp-json\/wp\/v2\/tags?post=48403"}],"curies":[{"name":"wp","href":"https:\/\/api.w.org\/{rel}","templated":true}]}}