{"id":48400,"date":"2019-02-28T12:21:43","date_gmt":"2019-02-28T15:21:43","guid":{"rendered":"https:\/\/eldiariodesanpedro.com.ar\/sitio\/?p=48400"},"modified":"2019-02-28T12:21:53","modified_gmt":"2019-02-28T15:21:53","slug":"san-nicolas-asaltaron-y-le-dispararon-a-un-hombre-en-barrio-suizo","status":"publish","type":"post","link":"https:\/\/eldiariodesanpedro.com.ar\/sitio\/san-nicolas-asaltaron-y-le-dispararon-a-un-hombre-en-barrio-suizo\/","title":{"rendered":"SAN NICOL\u00c1S: Asaltaron y le dispararon a un hombre en Barrio Suizo"},"content":{"rendered":"<!-- VideographyWP Plugin Message: Automatic video embedding prevented by plugin options. -->\n\n<p>En la ma\u00f1ana del mi\u00e9rcoles, una familia fue sorprendida por delincuentes que hab\u00edan ingresado a su vivienda de B\u00ba Suizo. En el forcejeo con uno de los ladrones, un hombre recibi\u00f3 un disparo en la pierna. Hay dos aprehendidos.<\/p>\n\n\n\n<p>A las 7 de la ma\u00f1ana de este mi\u00e9rcoles se produjo un robo calificado en una vivienda calle Rojas 1132 de barrio Suizo. Sujetos ingresaron al domicilio con fines de robo. Uno de los moradores, un hombre de 39 a\u00f1os, se trenz\u00f3 con uno de ellos que ten\u00eda un arma, efect\u00faan 3 disparos, dos de los cuales impactan en sus piernas y en uno de sus gl\u00fateos.<br><br>Los ladrones robaron una c\u00e1mara de fotos y huyeron por el fondo de la vivienda. Por su parte, la v\u00edctima fue trasladada al hospital San Felipe para recibir atenci\u00f3n m\u00e9dica y seg\u00fan se inform\u00f3 est\u00e1 fuera de peligro.\u00a0<br><br>Tras el llamado a emergencias policiales r\u00e1pidamente se present\u00f3 en el lugar personal de la DDI y la Comisar\u00eda Segunda junto a instructores judiciales. Lograron establecer que los autores del delito estar\u00edan a dos casas del lugar asaltado.\u00a0<br><br>Los autores del robo fueron Fernando Nahuel Schmidt de 19 a\u00f1os y Cristian Manuel Mendoza de 20. Ambos fueron aprehendidos tras realizarse allanamientos de urgencia en el domicilio de Mendoza.\u00a0<br><br>En la requisa se secuestraron de 3 pares de zapatillas, una campera, un pantal\u00f3n negro, una c\u00e1mara de fotos y un rev\u00f3lver calibre 32 con numeraci\u00f3n suprimida.<br><br>Se labraron actuaciones por robo calificado y tras el cumplimiento de las acciones legales los aprehendidos fueron remitidos a sede judicial.<\/p>\n\n\n\n<p>Fuente: Diario El Informante<\/p>\n","protected":false},"excerpt":{"rendered":"<p>En la ma\u00f1ana del mi\u00e9rcoles, una familia fue sorprendida por delincuentes que hab\u00edan ingresado a su vivienda de B\u00ba Suizo. En el forcejeo con uno de los ladrones, un hombre recibi\u00f3 un disparo en la pierna. Hay dos aprehendidos. A las 7 de la ma\u00f1ana de este mi\u00e9rcoles se produjo un robo calificado en una [&hellip;]<\/p>\n","protected":false},"author":4,"featured_media":48401,"comment_status":"open","ping_status":"closed","sticky":false,"template":"","format":"standard","meta":{"om_disable_all_campaigns":false,"_jetpack_memberships_contains_paid_content":false,"footnotes":""},"categories":[621],"tags":[],"class_list":["post-48400","post","type-post","status-publish","format-standard","has-post-thumbnail","hentry","category-regionales"],"aioseo_notices":[],"gutentor_comment":0,"jetpack_featured_media_url":"https:\/\/eldiariodesanpedro.com.ar\/sitio\/wp-content\/uploads\/2019\/02\/no_t4jbf75jmhuf8igwhatsapp_image_2019_02_27_at_11.jpg","jetpack_shortlink":"https:\/\/wp.me\/p6RhLt-cAE","jetpack_sharing_enabled":true,"_links":{"self":[{"href":"https:\/\/eldiariodesanpedro.com.ar\/sitio\/wp-json\/wp\/v2\/posts\/48400","targetHints":{"allow":["GET"]}}],"collection":[{"href":"https:\/\/eldiariodesanpedro.com.ar\/sitio\/wp-json\/wp\/v2\/posts"}],"about":[{"href":"https:\/\/eldiariodesanpedro.com.ar\/sitio\/wp-json\/wp\/v2\/types\/post"}],"author":[{"embeddable":true,"href":"https:\/\/eldiariodesanpedro.com.ar\/sitio\/wp-json\/wp\/v2\/users\/4"}],"replies":[{"embeddable":true,"href":"https:\/\/eldiariodesanpedro.com.ar\/sitio\/wp-json\/wp\/v2\/comments?post=48400"}],"version-history":[{"count":1,"href":"https:\/\/eldiariodesanpedro.com.ar\/sitio\/wp-json\/wp\/v2\/posts\/48400\/revisions"}],"predecessor-version":[{"id":48402,"href":"https:\/\/eldiariodesanpedro.com.ar\/sitio\/wp-json\/wp\/v2\/posts\/48400\/revisions\/48402"}],"wp:featuredmedia":[{"embeddable":true,"href":"https:\/\/eldiariodesanpedro.com.ar\/sitio\/wp-json\/wp\/v2\/media\/48401"}],"wp:attachment":[{"href":"https:\/\/eldiariodesanpedro.com.ar\/sitio\/wp-json\/wp\/v2\/media?parent=48400"}],"wp:term":[{"taxonomy":"category","embeddable":true,"href":"https:\/\/eldiariodesanpedro.com.ar\/sitio\/wp-json\/wp\/v2\/categories?post=48400"},{"taxonomy":"post_tag","embeddable":true,"href":"https:\/\/eldiariodesanpedro.com.ar\/sitio\/wp-json\/wp\/v2\/tags?post=48400"}],"curies":[{"name":"wp","href":"https:\/\/api.w.org\/{rel}","templated":true}]}}