{"id":48397,"date":"2019-02-28T12:19:58","date_gmt":"2019-02-28T15:19:58","guid":{"rendered":"https:\/\/eldiariodesanpedro.com.ar\/sitio\/?p=48397"},"modified":"2019-02-28T12:20:07","modified_gmt":"2019-02-28T15:20:07","slug":"ramallo-rafaga-el-cierre-para-los-carnavales","status":"publish","type":"post","link":"https:\/\/eldiariodesanpedro.com.ar\/sitio\/ramallo-rafaga-el-cierre-para-los-carnavales\/","title":{"rendered":"RAMALLO: R\u00e1faga el cierre para los carnavales"},"content":{"rendered":"<!-- VideographyWP Plugin Message: Automatic video embedding prevented by plugin options. -->\n\n<p> Ariel Puchetta y toda la troupe de una de los conjuntos m\u00e1s importantes de la m\u00fasica tropical mundial estar\u00e1n en el escenario mayor de los carnavales de Ramallo, que se van a desarrollar el s\u00e1bado, domingo y lunes que viene.<\/p>\n\n\n\n<p>Dos de sus m\u00fasicos, los ramallenses Lautaro Cariboni y Germ\u00e1n Damelio, visitaron los estudios de Es Ramallo! \u2013el programa que se emite de lunes a viernes de 8:30 a 12 en Estaci\u00f3n NBA, FM 88.9- y recorrieron la historia de R\u00e1faga en una emotiva entrevista de dos j\u00f3venes que recorrieron el mundo. Nacidos en el seno de familias vinculadas con la m\u00fasica, ambos recordaron a Tucuta Cariboni y sus inicios en la Banda Popular Infanto Juvenil local, contando an\u00e9cdotas de sus giras y los nuevos desaf\u00edos profesionales.<\/p>\n\n\n\n<p>Los carnavales de Ramallo, tendr\u00e1n una gran participaci\u00f3n de artistas locales, como las batucadas Zumba Zumba, Cambori\u00fa; los cantantes Lucas Becchiarelli, el Chino Warnicke y Pancho Salvatori; y las comparsas Jamba\u00e9, Zamba T\u00fa, Salgueiro y Bam Ban.<\/p>\n\n\n\n<p>El domingo, tambi\u00e9n estar\u00e1n Los Grosos. El lunes 4, los carnavales tendr\u00e1n el cierre estelar de R\u00e1faga.<\/p>\n\n\n\n<p>Adquir\u00ed tus anticipadas hasta el domingo a solo 100 pesos en el Centro de comercio, Club social y Skin, est\u00e9tica y spa.<\/p>\n\n\n\n<p>Fuente: Ramallo Informa<\/p>\n","protected":false},"excerpt":{"rendered":"<p>Ariel Puchetta y toda la troupe de una de los conjuntos m\u00e1s importantes de la m\u00fasica tropical mundial estar\u00e1n en el escenario mayor de los carnavales de Ramallo, que se van a desarrollar el s\u00e1bado, domingo y lunes que viene. Dos de sus m\u00fasicos, los ramallenses Lautaro Cariboni y Germ\u00e1n Damelio, visitaron los estudios de [&hellip;]<\/p>\n","protected":false},"author":4,"featured_media":48398,"comment_status":"open","ping_status":"closed","sticky":false,"template":"","format":"standard","meta":{"om_disable_all_campaigns":false,"_jetpack_memberships_contains_paid_content":false,"footnotes":""},"categories":[621],"tags":[],"class_list":["post-48397","post","type-post","status-publish","format-standard","has-post-thumbnail","hentry","category-regionales"],"aioseo_notices":[],"gutentor_comment":0,"jetpack_featured_media_url":"https:\/\/eldiariodesanpedro.com.ar\/sitio\/wp-content\/uploads\/2019\/02\/rafaga.jpg","jetpack_shortlink":"https:\/\/wp.me\/p6RhLt-cAB","jetpack_sharing_enabled":true,"_links":{"self":[{"href":"https:\/\/eldiariodesanpedro.com.ar\/sitio\/wp-json\/wp\/v2\/posts\/48397","targetHints":{"allow":["GET"]}}],"collection":[{"href":"https:\/\/eldiariodesanpedro.com.ar\/sitio\/wp-json\/wp\/v2\/posts"}],"about":[{"href":"https:\/\/eldiariodesanpedro.com.ar\/sitio\/wp-json\/wp\/v2\/types\/post"}],"author":[{"embeddable":true,"href":"https:\/\/eldiariodesanpedro.com.ar\/sitio\/wp-json\/wp\/v2\/users\/4"}],"replies":[{"embeddable":true,"href":"https:\/\/eldiariodesanpedro.com.ar\/sitio\/wp-json\/wp\/v2\/comments?post=48397"}],"version-history":[{"count":1,"href":"https:\/\/eldiariodesanpedro.com.ar\/sitio\/wp-json\/wp\/v2\/posts\/48397\/revisions"}],"predecessor-version":[{"id":48399,"href":"https:\/\/eldiariodesanpedro.com.ar\/sitio\/wp-json\/wp\/v2\/posts\/48397\/revisions\/48399"}],"wp:featuredmedia":[{"embeddable":true,"href":"https:\/\/eldiariodesanpedro.com.ar\/sitio\/wp-json\/wp\/v2\/media\/48398"}],"wp:attachment":[{"href":"https:\/\/eldiariodesanpedro.com.ar\/sitio\/wp-json\/wp\/v2\/media?parent=48397"}],"wp:term":[{"taxonomy":"category","embeddable":true,"href":"https:\/\/eldiariodesanpedro.com.ar\/sitio\/wp-json\/wp\/v2\/categories?post=48397"},{"taxonomy":"post_tag","embeddable":true,"href":"https:\/\/eldiariodesanpedro.com.ar\/sitio\/wp-json\/wp\/v2\/tags?post=48397"}],"curies":[{"name":"wp","href":"https:\/\/api.w.org\/{rel}","templated":true}]}}