{"id":48394,"date":"2019-02-28T12:18:26","date_gmt":"2019-02-28T15:18:26","guid":{"rendered":"https:\/\/eldiariodesanpedro.com.ar\/sitio\/?p=48394"},"modified":"2019-02-28T12:18:35","modified_gmt":"2019-02-28T15:18:35","slug":"san-nicolas-con-la-actuacion-de-karina-la-princesita-finaliza-el-ciclo-cultura-de-estacion","status":"publish","type":"post","link":"https:\/\/eldiariodesanpedro.com.ar\/sitio\/san-nicolas-con-la-actuacion-de-karina-la-princesita-finaliza-el-ciclo-cultura-de-estacion\/","title":{"rendered":"SAN NICOL\u00c1S: Con la actuaci\u00f3n de Karina la Princesita finaliza el ciclo \u00abCultura de Estaci\u00f3n\u00bb"},"content":{"rendered":"<!-- VideographyWP Plugin Message: Automatic video embedding prevented by plugin options. -->\n\n<p>\n\nCon entrada libre y gratuita, el ciclo llegar\u00e1 a su fin este fin de semana, trayendo el cl\u00e1sico patio cervecero, cine al aire libre y un final sumamente atractivo, con las actuaciones de \u201cMemphis la Blusera\u201d(viernes 1 en Parque San Mart\u00edn) y Karina la Princesita (lunes 4 en Paseo Costanero).<\/p>\n\n\n\n<p>Llega a su fin el Ciclo \u201cCultura de Estaci\u00f3n\u201d. Organizado por la Subsecretar\u00eda de Cultura de la Municipalidad de San Nicol\u00e1s, el recorrido cultural que nos ha llevado a lo largo de dos meses culminar\u00e1 en el transcurso de este fin de semana. Desde el jueves 28 de febrero y hasta el lunes 4 de marzo las actividades previstas para el cierre ser\u00e1n variadas y numerosas, teniendo como protagonistas principales a los referentes culturales de San Nicol\u00e1s, la regi\u00f3n y el pa\u00eds, y contando con un cierre espectacular en las escalinatas del Paseo Costanero con las presencias de \u201cMemphis la Blusera\u201d y Karina la Princesita..<br><br>Jueves 28: \u201cLa Chilena\u201d en los jueves de Patio Cervecero<br><br>Los d\u00edas jueves, a partir de las 20.30 hs., la actividad cultural nos re\u00fane habitualmente en la esquina del Teatro Municipal, epicentro de las jornadas de m\u00fasica en vivo junto al denominado \u201cPatio Cervecero\u201d, acompa\u00f1ados por productores locales que montan mesas comunitarias junto a las que ofrece el propio bar del teatro, para compartir un momento de buena m\u00fasica y gastronom\u00eda. Este jueves 28 de febrero ser\u00e1 la fecha final de esta interesante movida musical y gastron\u00f3mica, y para ello contaremos con la presencia de \u201cLa Chilena\u201d, quienes presentar\u00e1n covers de los 80, recreando hits de agrupaciones como \u201cLos Abuelos de la Nada\u201d, \u201cLos Aut\u00e9nticos Decadentes\u201d, \u201cLos Fabulosos Cadillacs\u201d, Charly Garc\u00eda, \u201cLos Pericos\u201d y algunas versiones \u201cchilenescas\u201d como \u201cVivir as\u00ed\u201d, de Camilo Sexto, \u201cPaisaje\u201d, de Franco Simone o \u201cFuego y pasi\u00f3n\u201d, de Wando. La chilena est\u00e1 integrada por \u201cPaka\u201d Ferrari (guitarra y coros), Carlos Brickman (saxo), Joe Stopani (bater\u00eda y coros), Jordan Cantero (percusi\u00f3n y coros), Jorge Infantino (bajo), Facu Cairo (guitarra y coros), Jere Sverdlov (guitarra) y Marce Calleia (voz); participaci\u00f3n especial: Coky N\u00fa\u00f1ez.<br><br><br>Viernes 1 de marzo: \u201cMemphis la Blusera\u201d en Anfiteatro de Parque San Mart\u00edn<br><br>El viernes 1 de marzo, a partir de las 20.00 hs. En el Anfiteatro del Parque San Mart\u00edn, estar\u00e1n sonando sobre el escenario las bandas locales \u201cPorfiados\u201d y \u201cLa raz\u00f3n de los locos\u201d, para luego dar paso una de las bandas m\u00e1s esperadas por el p\u00fablico que colmar\u00e1 las gradas de cara al R\u00edo Paran\u00e1. La magia del blues, el boggie y el rock confluir\u00e1n en el sonido de \u201cMemphis la Blusera\u201d. Formada en el barrio porte\u00f1o de Mataderos hace 41 a\u00f1os, \u201cMemphis\u201d est\u00e1 formada por Mart\u00edn Luka (voz), Ruso Beiserman (bajo y voz), Giusseppe Puopolo (saxo), Jorge Fiasche (guitarra), Mat\u00edas Pennisi (bater\u00eda) y Gustavo Villegas (piano y Hammond). Discos como \u201cNunca tuve tanto blues\u201d y \u201cCosa de hombres\u201d, figuran como algunos de los m\u00e1s importantes en la carrera de esta m\u00edtica banda, que en esta oportunidad har\u00e1 un repaso por sus canciones m\u00e1s reconocidas y exitosas.<br><br>S\u00e1bado y domingo de pel\u00edcula<br><br>Este s\u00e1bado y domingo a las 20.30 hs. , la costanera alta del Paseo Costanero se convertir\u00e1 en una aut\u00e9ntica sala de cine; este mini ciclo de cine al aire libre traer\u00e1 propuestas netamente familiares y entretenidas, todo ello con entrada libre y gratuita.<br><br>El s\u00e1bado 2 se proyectar\u00e1 \u201cRe loca\u201d (2018), con las actuaciones de Natalia Oreiro , Fern\u00e1n Mir\u00e1s, Diego Torres y Gimena Accardi y direcci\u00f3n de Martino Zaidelis. La trama se centra en Paz, una mujer de 36 a\u00f1os sumisa que, despu\u00e9s de darse cuenta de que hab\u00eda gente m\u00e1s joven que le quer\u00edan superar haciendo menos, explota de una forma arriesgada quit\u00e1ndose ese filtro.<br><br>Para el domingo, la propuesta se centrar\u00e1 hacia los m\u00e1s peque\u00f1os con la proyecci\u00f3n de \u201cEl libro de la vida\u201d(2014), con producci\u00f3n de Guillermo del Toro; es una pel\u00edcula de animaci\u00f3n dirigida por Jorge Guti\u00e9rrez. Con un estilo visual \u00fanico, contar\u00e1 las aventuras de Manolo, un torero enamorado de una bella mujer llamada Mar\u00eda, que ha de decidir entre su familia y su mayor pasi\u00f3n: la m\u00fasica.<br><br>Lunes 4: Karina \u201cLa Princesita\u201d<br><br>En tanto que el lunes 4 de marzo a las 20.00 hs, en las escalinatas del Paseo Costanero, el cierre del ciclo \u201cCultura de Estaci\u00f3n\u201d tendr\u00e1 como protagonista central a Karina \u201cLa Princesita\u201d, quien presentar\u00e1 su nuevo trabajo discogr\u00e1fico \u201cMujeres\u201d, junto a un repaso de su dilatada carrera musical recordando todos sus \u00e9xitos.<br><br>Desde su primera aparici\u00f3n en 2004 presentando su \u00e1lbum musical, \u201cMienteme\u201d, la carrera de Karina fue ascendente y vertiginosa. Con una amplia discograf\u00eda y un permanente recorrido por los escenarios de todo el pa\u00eds, \u201cLa Princesita\u201d volver\u00e1 a demostrar ante su p\u00fablico, el carisma y la qu\u00edmica que todav\u00eda mantiene como car\u00e1cter esencial en su exitosa carrera.<br><br>El a\u00f1o pasado fue una de las elegidas para volver a cantar en el Teatro Col\u00f3n, donde tuvo la oportunidad de cantar con grandes divas espa\u00f1olas como Marta S\u00e1nchez o compartir escenario con Vanesa Mart\u00edn o Pastora Soler. La discograf\u00eda de Karina consta de 8 \u00e1lbumes de estudio, un \u00e1lbum recopilatorio y un \u00e1lbum en directo que contienen canciones de su propia autor\u00eda y covers en ritmo tropical de grandes \u00e9xitos de otros artistas nacionales e internacionales.<\/p>\n\n\n\n<p>Fuente: Diario El Informante<\/p>\n","protected":false},"excerpt":{"rendered":"<p>Con entrada libre y gratuita, el ciclo llegar\u00e1 a su fin este fin de semana, trayendo el cl\u00e1sico patio cervecero, cine al aire libre y un final sumamente atractivo, con las actuaciones de \u201cMemphis la Blusera\u201d(viernes 1 en Parque San Mart\u00edn) y Karina la Princesita (lunes 4 en Paseo Costanero). Llega a su fin el [&hellip;]<\/p>\n","protected":false},"author":4,"featured_media":48395,"comment_status":"open","ping_status":"closed","sticky":false,"template":"","format":"standard","meta":{"om_disable_all_campaigns":false,"_jetpack_memberships_contains_paid_content":false,"footnotes":""},"categories":[621],"tags":[],"class_list":["post-48394","post","type-post","status-publish","format-standard","has-post-thumbnail","hentry","category-regionales"],"aioseo_notices":[],"gutentor_comment":0,"jetpack_featured_media_url":"https:\/\/eldiariodesanpedro.com.ar\/sitio\/wp-content\/uploads\/2019\/02\/no_70lle1awzfb2a86karina_1_.jpg","jetpack_shortlink":"https:\/\/wp.me\/p6RhLt-cAy","jetpack_sharing_enabled":true,"_links":{"self":[{"href":"https:\/\/eldiariodesanpedro.com.ar\/sitio\/wp-json\/wp\/v2\/posts\/48394","targetHints":{"allow":["GET"]}}],"collection":[{"href":"https:\/\/eldiariodesanpedro.com.ar\/sitio\/wp-json\/wp\/v2\/posts"}],"about":[{"href":"https:\/\/eldiariodesanpedro.com.ar\/sitio\/wp-json\/wp\/v2\/types\/post"}],"author":[{"embeddable":true,"href":"https:\/\/eldiariodesanpedro.com.ar\/sitio\/wp-json\/wp\/v2\/users\/4"}],"replies":[{"embeddable":true,"href":"https:\/\/eldiariodesanpedro.com.ar\/sitio\/wp-json\/wp\/v2\/comments?post=48394"}],"version-history":[{"count":1,"href":"https:\/\/eldiariodesanpedro.com.ar\/sitio\/wp-json\/wp\/v2\/posts\/48394\/revisions"}],"predecessor-version":[{"id":48396,"href":"https:\/\/eldiariodesanpedro.com.ar\/sitio\/wp-json\/wp\/v2\/posts\/48394\/revisions\/48396"}],"wp:featuredmedia":[{"embeddable":true,"href":"https:\/\/eldiariodesanpedro.com.ar\/sitio\/wp-json\/wp\/v2\/media\/48395"}],"wp:attachment":[{"href":"https:\/\/eldiariodesanpedro.com.ar\/sitio\/wp-json\/wp\/v2\/media?parent=48394"}],"wp:term":[{"taxonomy":"category","embeddable":true,"href":"https:\/\/eldiariodesanpedro.com.ar\/sitio\/wp-json\/wp\/v2\/categories?post=48394"},{"taxonomy":"post_tag","embeddable":true,"href":"https:\/\/eldiariodesanpedro.com.ar\/sitio\/wp-json\/wp\/v2\/tags?post=48394"}],"curies":[{"name":"wp","href":"https:\/\/api.w.org\/{rel}","templated":true}]}}