{"id":48390,"date":"2019-02-28T12:16:53","date_gmt":"2019-02-28T15:16:53","guid":{"rendered":"https:\/\/eldiariodesanpedro.com.ar\/sitio\/?p=48390"},"modified":"2019-02-28T12:17:02","modified_gmt":"2019-02-28T15:17:02","slug":"zarate-jeronimo-tiene-paralisis-cerebral-y-su-obra-social-podria-dejar-de-cubrirlo-manana-mismo","status":"publish","type":"post","link":"https:\/\/eldiariodesanpedro.com.ar\/sitio\/zarate-jeronimo-tiene-paralisis-cerebral-y-su-obra-social-podria-dejar-de-cubrirlo-manana-mismo\/","title":{"rendered":"Z\u00c1RATE: Jer\u00f3nimo tiene par\u00e1lisis cerebral y su obra social podr\u00eda dejar de cubrirlo ma\u00f1ana mismo"},"content":{"rendered":"<!-- VideographyWP Plugin Message: Automatic video embedding prevented by plugin options. -->\n\n<p>Jer\u00f3nimo Carrizo tiene 15 a\u00f1os y vive en Z\u00e1rate. Padece de par\u00e1lisis cerebral y posee asistencia respiratoria, y su cuadro de salud podr\u00eda agravarse a\u00fan m\u00e1s por una decisi\u00f3n de la obra social de OSUTHGRA (gastron\u00f3micos) de no renovar su cobertura.<\/p>\n\n\n\n<p>El chico requiere para su cuidado una enferma las 24hs del d\u00eda y una cuidadora por 12hs diarias, kinesiolog\u00eda, un m\u00e9dico evaluador cada dos semanas, aparatolog\u00eda acorde a su patolog\u00eda, y el equipo electrodependiente.<\/p>\n\n\n\n<p> En estos momentos su madre est\u00e1 viajando a Capital Federal para intentar que revean su caso y que Jer\u00f3nimo pueda continuar con su tratamiento. <\/p>\n\n\n\n<figure class=\"wp-block-image\"><img decoding=\"async\" width=\"658\" height=\"400\" data-attachment-id=\"48391\" data-permalink=\"https:\/\/eldiariodesanpedro.com.ar\/sitio\/zarate-jeronimo-tiene-paralisis-cerebral-y-su-obra-social-podria-dejar-de-cubrirlo-manana-mismo\/jeronimo-carrizo-2\/\" data-orig-file=\"https:\/\/eldiariodesanpedro.com.ar\/sitio\/wp-content\/uploads\/2019\/02\/Jeronimo-Carrizo-2.jpg\" data-orig-size=\"658,400\" data-comments-opened=\"1\" data-image-meta=\"{&quot;aperture&quot;:&quot;0&quot;,&quot;credit&quot;:&quot;&quot;,&quot;camera&quot;:&quot;&quot;,&quot;caption&quot;:&quot;&quot;,&quot;created_timestamp&quot;:&quot;0&quot;,&quot;copyright&quot;:&quot;&quot;,&quot;focal_length&quot;:&quot;0&quot;,&quot;iso&quot;:&quot;0&quot;,&quot;shutter_speed&quot;:&quot;0&quot;,&quot;title&quot;:&quot;&quot;,&quot;orientation&quot;:&quot;0&quot;}\" data-image-title=\"Jeronimo-Carrizo-2\" data-image-description=\"\" data-image-caption=\"\" data-large-file=\"https:\/\/eldiariodesanpedro.com.ar\/sitio\/wp-content\/uploads\/2019\/02\/Jeronimo-Carrizo-2.jpg\" data-src=\"https:\/\/eldiariodesanpedro.com.ar\/sitio\/wp-content\/uploads\/2019\/02\/Jeronimo-Carrizo-2.jpg\" alt=\"\" class=\"wp-image-48391 lazyload\" data-srcset=\"https:\/\/eldiariodesanpedro.com.ar\/sitio\/wp-content\/uploads\/2019\/02\/Jeronimo-Carrizo-2.jpg 658w, https:\/\/eldiariodesanpedro.com.ar\/sitio\/wp-content\/uploads\/2019\/02\/Jeronimo-Carrizo-2-300x182.jpg 300w\" data-sizes=\"(max-width: 658px) 100vw, 658px\" src=\"data:image\/svg+xml;base64,PHN2ZyB3aWR0aD0iMSIgaGVpZ2h0PSIxIiB4bWxucz0iaHR0cDovL3d3dy53My5vcmcvMjAwMC9zdmciPjwvc3ZnPg==\" style=\"--smush-placeholder-width: 658px; --smush-placeholder-aspect-ratio: 658\/400;\" \/><\/figure>\n","protected":false},"excerpt":{"rendered":"<p>Jer\u00f3nimo Carrizo tiene 15 a\u00f1os y vive en Z\u00e1rate. Padece de par\u00e1lisis cerebral y posee asistencia respiratoria, y su cuadro de salud podr\u00eda agravarse a\u00fan m\u00e1s por una decisi\u00f3n de la obra social de OSUTHGRA (gastron\u00f3micos) de no renovar su cobertura. El chico requiere para su cuidado una enferma las 24hs del d\u00eda y una [&hellip;]<\/p>\n","protected":false},"author":4,"featured_media":48392,"comment_status":"open","ping_status":"closed","sticky":false,"template":"","format":"standard","meta":{"om_disable_all_campaigns":false,"_jetpack_memberships_contains_paid_content":false,"footnotes":""},"categories":[621],"tags":[],"class_list":["post-48390","post","type-post","status-publish","format-standard","has-post-thumbnail","hentry","category-regionales"],"aioseo_notices":[],"gutentor_comment":0,"jetpack_featured_media_url":"https:\/\/eldiariodesanpedro.com.ar\/sitio\/wp-content\/uploads\/2019\/02\/Jeronimo-Carrizo.jpg","jetpack_shortlink":"https:\/\/wp.me\/p6RhLt-cAu","jetpack_sharing_enabled":true,"_links":{"self":[{"href":"https:\/\/eldiariodesanpedro.com.ar\/sitio\/wp-json\/wp\/v2\/posts\/48390","targetHints":{"allow":["GET"]}}],"collection":[{"href":"https:\/\/eldiariodesanpedro.com.ar\/sitio\/wp-json\/wp\/v2\/posts"}],"about":[{"href":"https:\/\/eldiariodesanpedro.com.ar\/sitio\/wp-json\/wp\/v2\/types\/post"}],"author":[{"embeddable":true,"href":"https:\/\/eldiariodesanpedro.com.ar\/sitio\/wp-json\/wp\/v2\/users\/4"}],"replies":[{"embeddable":true,"href":"https:\/\/eldiariodesanpedro.com.ar\/sitio\/wp-json\/wp\/v2\/comments?post=48390"}],"version-history":[{"count":1,"href":"https:\/\/eldiariodesanpedro.com.ar\/sitio\/wp-json\/wp\/v2\/posts\/48390\/revisions"}],"predecessor-version":[{"id":48393,"href":"https:\/\/eldiariodesanpedro.com.ar\/sitio\/wp-json\/wp\/v2\/posts\/48390\/revisions\/48393"}],"wp:featuredmedia":[{"embeddable":true,"href":"https:\/\/eldiariodesanpedro.com.ar\/sitio\/wp-json\/wp\/v2\/media\/48392"}],"wp:attachment":[{"href":"https:\/\/eldiariodesanpedro.com.ar\/sitio\/wp-json\/wp\/v2\/media?parent=48390"}],"wp:term":[{"taxonomy":"category","embeddable":true,"href":"https:\/\/eldiariodesanpedro.com.ar\/sitio\/wp-json\/wp\/v2\/categories?post=48390"},{"taxonomy":"post_tag","embeddable":true,"href":"https:\/\/eldiariodesanpedro.com.ar\/sitio\/wp-json\/wp\/v2\/tags?post=48390"}],"curies":[{"name":"wp","href":"https:\/\/api.w.org\/{rel}","templated":true}]}}