{"id":48388,"date":"2019-02-28T11:22:12","date_gmt":"2019-02-28T14:22:12","guid":{"rendered":"https:\/\/eldiariodesanpedro.com.ar\/sitio\/?p=48388"},"modified":"2019-02-28T11:22:18","modified_gmt":"2019-02-28T14:22:18","slug":"intento-de-robo-por-motochorros","status":"publish","type":"post","link":"https:\/\/eldiariodesanpedro.com.ar\/sitio\/intento-de-robo-por-motochorros\/","title":{"rendered":"Intento de robo por motochorros"},"content":{"rendered":"<!-- VideographyWP Plugin Message: Automatic video embedding prevented by plugin options. -->\n\n<p>Este mi\u00e9rcoles efectivos policiales intervienen en la tarde sobre la intersecci\u00f3n de calle Alvear y Bottaro, donde una mujer de 38 a\u00f1os de edad, result\u00f3 lesionada, tras un intento de robo por parte de dos delincuentes que trataron de sustraerle sus pertenencias, provoc\u00e1ndole una ca\u00edda al piso resultando lesionada. <\/p>\n\n\n\n<p>Los delincuentes raudamente dieron fuga sin ser reconocidos en motocicleta. <\/p>\n\n\n\n<p>Se investiga el hecho con intervenci\u00f3n de la fiscal\u00eda en turno de san pedro <\/p>\n","protected":false},"excerpt":{"rendered":"<p>Este mi\u00e9rcoles efectivos policiales intervienen en la tarde sobre la intersecci\u00f3n de calle Alvear y Bottaro, donde una mujer de 38 a\u00f1os de edad, result\u00f3 lesionada, tras un intento de robo por parte de dos delincuentes que trataron de sustraerle sus pertenencias, provoc\u00e1ndole una ca\u00edda al piso resultando lesionada. Los delincuentes raudamente dieron fuga sin [&hellip;]<\/p>\n","protected":false},"author":4,"featured_media":21815,"comment_status":"open","ping_status":"closed","sticky":false,"template":"","format":"standard","meta":{"om_disable_all_campaigns":false,"_jetpack_memberships_contains_paid_content":false,"footnotes":""},"categories":[2,103],"tags":[],"class_list":["post-48388","post","type-post","status-publish","format-standard","has-post-thumbnail","hentry","category-locales","category-policiales-locales"],"aioseo_notices":[],"gutentor_comment":0,"jetpack_featured_media_url":"https:\/\/eldiariodesanpedro.com.ar\/sitio\/wp-content\/uploads\/2017\/08\/motochorros-menores-edad.jpg","jetpack_shortlink":"https:\/\/wp.me\/p6RhLt-cAs","jetpack_sharing_enabled":true,"_links":{"self":[{"href":"https:\/\/eldiariodesanpedro.com.ar\/sitio\/wp-json\/wp\/v2\/posts\/48388","targetHints":{"allow":["GET"]}}],"collection":[{"href":"https:\/\/eldiariodesanpedro.com.ar\/sitio\/wp-json\/wp\/v2\/posts"}],"about":[{"href":"https:\/\/eldiariodesanpedro.com.ar\/sitio\/wp-json\/wp\/v2\/types\/post"}],"author":[{"embeddable":true,"href":"https:\/\/eldiariodesanpedro.com.ar\/sitio\/wp-json\/wp\/v2\/users\/4"}],"replies":[{"embeddable":true,"href":"https:\/\/eldiariodesanpedro.com.ar\/sitio\/wp-json\/wp\/v2\/comments?post=48388"}],"version-history":[{"count":1,"href":"https:\/\/eldiariodesanpedro.com.ar\/sitio\/wp-json\/wp\/v2\/posts\/48388\/revisions"}],"predecessor-version":[{"id":48389,"href":"https:\/\/eldiariodesanpedro.com.ar\/sitio\/wp-json\/wp\/v2\/posts\/48388\/revisions\/48389"}],"wp:featuredmedia":[{"embeddable":true,"href":"https:\/\/eldiariodesanpedro.com.ar\/sitio\/wp-json\/wp\/v2\/media\/21815"}],"wp:attachment":[{"href":"https:\/\/eldiariodesanpedro.com.ar\/sitio\/wp-json\/wp\/v2\/media?parent=48388"}],"wp:term":[{"taxonomy":"category","embeddable":true,"href":"https:\/\/eldiariodesanpedro.com.ar\/sitio\/wp-json\/wp\/v2\/categories?post=48388"},{"taxonomy":"post_tag","embeddable":true,"href":"https:\/\/eldiariodesanpedro.com.ar\/sitio\/wp-json\/wp\/v2\/tags?post=48388"}],"curies":[{"name":"wp","href":"https:\/\/api.w.org\/{rel}","templated":true}]}}