{"id":48372,"date":"2019-02-28T11:18:14","date_gmt":"2019-02-28T14:18:14","guid":{"rendered":"https:\/\/eldiariodesanpedro.com.ar\/sitio\/?p=48372"},"modified":"2019-02-28T11:18:25","modified_gmt":"2019-02-28T14:18:25","slug":"apresaron-a-dos-hombres-acusados-de-comercializar-drogas","status":"publish","type":"post","link":"https:\/\/eldiariodesanpedro.com.ar\/sitio\/apresaron-a-dos-hombres-acusados-de-comercializar-drogas\/","title":{"rendered":"Apresaron a dos hombres acusados de comercializar drogas"},"content":{"rendered":"<!-- VideographyWP Plugin Message: Automatic video embedding prevented by plugin options. -->\n\n<p> Fue producto de un allanamiento llevado a cabo en el barrio San Roque. En el lugar secuestraron un arma, 20 envoltorios de coca\u00edna y dinero en efectivo.\u00a0 <\/p>\n\n\n\n<p>Personal de la Departamental de Investigaciones del Tr\u00e1fico de Drogas Il\u00edcitas y Crimen Organizado San Nicolas juntamente con personal de Polic\u00eda Federal Argentina sede San Nicolas e instructores de la FIscal\u00eda N\u00ba 11 cumpli\u00f3 con una serie de allanamientos en el Barrio San Roque con resultados sumamente positivos.\u00a0<\/p>\n\n\n\n<p>Hasta ese lugar llegaron producto de una investigaci\u00f3n que comenz\u00f3 en el mes de Julio, a ra\u00edz de una denuncia que se recepcion\u00f3 en la Fiscal\u00eda sobre la comercializaci\u00f3n de drogas en el barrio.&nbsp;<\/p>\n\n\n\n<p>En el d\u00eda de ayer, tras las investigaciones, cumplieron con los allanamientos. EN la vivienda encontraron un arma calibre 22, 20 envoltorios de cocaina preparados para su comercializaci\u00f3n, dinero en efectivo en billetes en efectivo en baja denominaci\u00f2n y Marihuana.&nbsp;<\/p>\n\n\n\n<p>Los dos hombres que se encontraban en la propiedad fueron trasladados a la COmisar\u00eda donde ser\u00e1n indagados.\u00a0<\/p>\n\n\n\n<p>Fuente: San Pedro Informa<\/p>\n","protected":false},"excerpt":{"rendered":"<p>Fue producto de un allanamiento llevado a cabo en el barrio San Roque. En el lugar secuestraron un arma, 20 envoltorios de coca\u00edna y dinero en efectivo.\u00a0 Personal de la Departamental de Investigaciones del Tr\u00e1fico de Drogas Il\u00edcitas y Crimen Organizado San Nicolas juntamente con personal de Polic\u00eda Federal Argentina sede San Nicolas e instructores [&hellip;]<\/p>\n","protected":false},"author":4,"featured_media":48386,"comment_status":"open","ping_status":"closed","sticky":false,"template":"","format":"standard","meta":{"om_disable_all_campaigns":false,"_jetpack_memberships_contains_paid_content":false,"footnotes":""},"categories":[2,103],"tags":[],"class_list":["post-48372","post","type-post","status-publish","format-standard","has-post-thumbnail","hentry","category-locales","category-policiales-locales"],"aioseo_notices":[],"gutentor_comment":0,"jetpack_featured_media_url":"https:\/\/eldiariodesanpedro.com.ar\/sitio\/wp-content\/uploads\/2019\/02\/000075797.jpg","jetpack_shortlink":"https:\/\/wp.me\/p6RhLt-cAc","jetpack_sharing_enabled":true,"_links":{"self":[{"href":"https:\/\/eldiariodesanpedro.com.ar\/sitio\/wp-json\/wp\/v2\/posts\/48372","targetHints":{"allow":["GET"]}}],"collection":[{"href":"https:\/\/eldiariodesanpedro.com.ar\/sitio\/wp-json\/wp\/v2\/posts"}],"about":[{"href":"https:\/\/eldiariodesanpedro.com.ar\/sitio\/wp-json\/wp\/v2\/types\/post"}],"author":[{"embeddable":true,"href":"https:\/\/eldiariodesanpedro.com.ar\/sitio\/wp-json\/wp\/v2\/users\/4"}],"replies":[{"embeddable":true,"href":"https:\/\/eldiariodesanpedro.com.ar\/sitio\/wp-json\/wp\/v2\/comments?post=48372"}],"version-history":[{"count":1,"href":"https:\/\/eldiariodesanpedro.com.ar\/sitio\/wp-json\/wp\/v2\/posts\/48372\/revisions"}],"predecessor-version":[{"id":48387,"href":"https:\/\/eldiariodesanpedro.com.ar\/sitio\/wp-json\/wp\/v2\/posts\/48372\/revisions\/48387"}],"wp:featuredmedia":[{"embeddable":true,"href":"https:\/\/eldiariodesanpedro.com.ar\/sitio\/wp-json\/wp\/v2\/media\/48386"}],"wp:attachment":[{"href":"https:\/\/eldiariodesanpedro.com.ar\/sitio\/wp-json\/wp\/v2\/media?parent=48372"}],"wp:term":[{"taxonomy":"category","embeddable":true,"href":"https:\/\/eldiariodesanpedro.com.ar\/sitio\/wp-json\/wp\/v2\/categories?post=48372"},{"taxonomy":"post_tag","embeddable":true,"href":"https:\/\/eldiariodesanpedro.com.ar\/sitio\/wp-json\/wp\/v2\/tags?post=48372"}],"curies":[{"name":"wp","href":"https:\/\/api.w.org\/{rel}","templated":true}]}}